{"id":10544,"date":"2015-06-02T21:07:10","date_gmt":"2015-06-02T20:07:10","guid":{"rendered":"http:\/\/2horizontes.com\/?p=10544"},"modified":"2015-06-02T21:07:10","modified_gmt":"2015-06-02T20:07:10","slug":"diez-anos-de-cultura-de-inteligencia-en-espana","status":"publish","type":"post","link":"https:\/\/2horizontes.com\/?p=10544","title":{"rendered":"Diez a\u00f1os de cultura de inteligencia en Espa\u00f1a"},"content":{"rendered":"<p>\u00bfPor qu\u00e9 y para qu\u00e9 necesitamos la Inteligencia en un mundo en el que la informaci\u00f3n m\u00e1s sofisticada est\u00e1 al alcance de cualquiera? \u00bfCu\u00e1l es el valor a\u00f1adido que justifica la existencia de un servicio de inteligencia (SI)? \u00bfPor qu\u00e9 necesitan el secreto y poderes especiales los SI? \u00bfPor qu\u00e9 tiene el ciudadano que confiar en que sus SI act\u00faan legal y \u00e9ticamente en beneficio de la estabilidad democr\u00e1tica? \u00bfNo es suficientemente maduro democr\u00e1ticamente el ciudadano espa\u00f1ol para que en Espa\u00f1a a\u00fan no se haya producido una reforma que permita la desclasificaci\u00f3n de documentaci\u00f3n de los SI?<\/p>\n<p>De todas las instituciones que conforman el organigrama del Estado, una de las menos conocidas es la de los servicios de inteligencia, de los que se desconoce pr\u00e1cticamente todo: su funcionamiento, sus competencias y controles en un Estado de Derecho, es decir, en una democracia.<\/p>\n<p>En Espa\u00f1a esta carencia se ha tratado de solventar a trav\u00e9s de la denominada \u00abcultura de inteligencia\u00bb con la creaci\u00f3n de la C\u00e1tedra Servicios de Inteligencia y Sistemas Democr\u00e1ticos, fruto de un convenio de colaboraci\u00f3n entre el Centro Nacional de Inteligencia (CNI) y la Universidad Rey Juan Carlos de Madrid, en mayo 2005.<\/p>\n<p>La imagen que los ciudadanos solemos tener de los SI oscila, entre la idealizaci\u00f3n, la seducci\u00f3n, la admiraci\u00f3n que nos transmiten el cine y la literatura y, por otra parte, la que recibimos de los medios de comunicaci\u00f3n cuando informan sobre ellos. En muchos casos, se trata de informaciones sobre actividades que dejan mucho que desear y que llevan al ciudadano a dudar y a desconfiar de la actuaci\u00f3n y de la finalidad de sus SI. Muchas veces con raz\u00f3n. Sin embargo, muy pocas veces, hasta recientemente, se informa sobre la verdadera contribuci\u00f3n de estos organismos a garantizar la estabilidad y la seguridad de las democracias.<\/p>\n<p>Esta imagen, al menos en nuestro pa\u00eds, no provoc\u00f3 hasta ese 2005 una reflexi\u00f3n y un debate p\u00fablico sobre los SI como organizaciones imprescindibles para la democracia pero dif\u00edcil de entender por una ciudadan\u00eda que desconf\u00eda de sus instituciones y que cada vez m\u00e1s exige transparencia, eficacia y credibilidad. Se hace dif\u00edcil hablar de lo que no se conoce, al menos de una manera responsable.<\/p>\n<p>Es fundamental que el ciudadano tome conciencia de la necesidad que tienen las democracias de contar con SI, de su utilidad as\u00ed como de la responsabilidad de los Gobiernos en la utilizaci\u00f3n de esta herramienta fundamental del Estado de Derecho.<\/p>\n<p>Todas estas cuestiones hacen necesario un nuevo relato sobre c\u00f3mo funcionan y se relacionan los SI con la sociedad. Conceptos como transparencia, secreto, confianza y reputaci\u00f3n van a ser claves en esta nueva cultura que va calando en nuestro pa\u00eds.<\/p>\n<p>Desde la C\u00e1tedra Servicios de inteligencia y Sistemas Democr\u00e1ticos, en colaboraci\u00f3n con otros expertos y centros universitarios hemos tratado de dar respuesta a estos y otros interrogantes de la sociedad espa\u00f1ola respecto a su SI.<\/p>\n<p>Durante estos diez a\u00f1os hemos trabajado para que desde la universidad espa\u00f1ola se potencien y se consideren las cuestiones relacionadas con el mundo de la Inteligencia como una disciplina m\u00e1s de investigaci\u00f3n y de estudio.<\/p>\n<p>Para ello nos hemos centrado en las tres grandes l\u00edneas de trabajo universitarias: formaci\u00f3n, investigaci\u00f3n y publicaciones, sin olvidar la divulgaci\u00f3n.<\/p>\n<p>Respecto a la formaci\u00f3n, destaca la puesta en marcha en 2009 del M\u00e1ster Interuniversitario en Analista de Inteligencia. El an\u00e1lisis constituye la pieza clave del proceso de producci\u00f3n de Inteligencia y aporta el valor diferencial que transforma la informaci\u00f3n en conocimiento. Sin un buen an\u00e1lisis no se toman decisiones acertadas y si no se toman decisiones acertadas no se progresa. En estos 10 a\u00f1os hemos formado a m\u00e1s de doscientos analistas de Inteligencia, que pasar\u00e1n a formar parte de unidades de an\u00e1lisis en el sector p\u00fablico y privado, dando respuesta a una carencia fundamental del mercado laboral espa\u00f1ol.<\/p>\n<p>En segundo lugar, hemos liderado la creaci\u00f3n de un pensamiento espa\u00f1ol en materia de Inteligencia, que ha tenido su principal expresi\u00f3n a trav\u00e9s de <em>Inteligencia y Seguridad: Revista de An\u00e1lisis y Prospectiva<\/em>, primera publicaci\u00f3n cient\u00edfica de Inteligencia en espa\u00f1ol y que desde su puesta en marcha en 2006 ha publicado diecis\u00e9is n\u00fameros con el objetivo de convertirse en un canal de comunicaci\u00f3n y de reflexi\u00f3n entre el mundo de la Inteligencia y la Academia.<\/p>\n<p>En paralelo y a trav\u00e9s de una serie de publicaciones, se est\u00e1 creando una doctrina de Inteligencia en espa\u00f1ol; baste citar el Diccionario LID de Inteligencia y Seguridad y la puesta en marcha de varias colecciones editoriales sobre la materia. Los cuatro Congresos Internacionales de Inteligencia constituyen el foro de encuentro de los expertos de esta materia y buscan atraer y concienciar a j\u00f3venes investigadores.<\/p>\n<p>En todas las actividades se ha buscado y se ha contado con la colaboraci\u00f3n de una red de expertos nacionales e internacionales del m\u00e1ximo prestigio, permitiendo un intercambio de ideas y una constante actualizaci\u00f3n de contenidos. La globalizaci\u00f3n ha llegado tambi\u00e9n a los estudios de Inteligencia.<\/p>\n<p>No podemos dejar de mencionar la importancia de la Inteligencia Competitiva para el desarrollo econ\u00f3mico y empresarial, y m\u00e1s en nuestras actuales circunstancias. La C\u00e1tedra ha sido siempre muy sensible a este tema, hasta llegar a la creaci\u00f3n del cap\u00edtulo espa\u00f1ol de la Asociaci\u00f3n internacional de profesionales de Inteligencia Competitiva y Estrategia &#8211; SCIP (Strategic and Competitive Intelligence Professionals).<\/p>\n<p>Lo conseguido en estos 10 a\u00f1os es mucho, pero en ning\u00fan caso suficiente, quedarnos en esta etapa ser\u00eda una irresponsabilidad por nuestra parte. La complejidad de nuestro mundo y los campos que a\u00fan nos quedan por abordar, los sectores a los que a\u00fan tenemos que llegar e incorporar a nuestras actividades, nos obligan a un aprendizaje constante, a no despreciar ning\u00fan campo de conocimiento y a estar dispuestos a cambiar nuestras preguntas para conseguir respuestas acordes a los problemas de nuestro tiempo.<\/p>\n<p>Desde la C\u00e1tedra nos comprometemos a seguir en esta l\u00ednea de trabajo, aportando una mirada serena y rigurosa que contribuya a entender mejor el mundo en que vivimos y por tanto a que \u00e9ste sea m\u00e1s seguro y m\u00e1s libre.<\/p>\n","protected":false},"excerpt":{"rendered":"<p>\u00bfPor qu\u00e9 y para qu\u00e9 necesitamos la Inteligencia en un mundo en el que la informaci\u00f3n m\u00e1s sofisticada est\u00e1 al alcance de cualquiera? \u00bfCu\u00e1l es el valor a\u00f1adido que justifica la existencia de un servicio de inteligencia (SI)? \u00bfPor qu\u00e9 necesitan el secreto y poderes especiales los SI? \u00bfPor qu\u00e9 tiene el ciudadano que confiar [&hellip;]<\/p>\n","protected":false},"author":3,"featured_media":10545,"comment_status":"open","ping_status":"open","sticky":false,"template":"","format":"standard","meta":{"footnotes":""},"categories":[62,85],"tags":[],"class_list":["post-10544","post","type-post","status-publish","format-standard","has-post-thumbnail","hentry","category-cultura","category-espana"],"_links":{"self":[{"href":"https:\/\/2horizontes.com\/index.php?rest_route=\/wp\/v2\/posts\/10544","targetHints":{"allow":["GET"]}}],"collection":[{"href":"https:\/\/2horizontes.com\/index.php?rest_route=\/wp\/v2\/posts"}],"about":[{"href":"https:\/\/2horizontes.com\/index.php?rest_route=\/wp\/v2\/types\/post"}],"author":[{"embeddable":true,"href":"https:\/\/2horizontes.com\/index.php?rest_route=\/wp\/v2\/users\/3"}],"replies":[{"embeddable":true,"href":"https:\/\/2horizontes.com\/index.php?rest_route=%2Fwp%2Fv2%2Fcomments&post=10544"}],"version-history":[{"count":1,"href":"https:\/\/2horizontes.com\/index.php?rest_route=\/wp\/v2\/posts\/10544\/revisions"}],"predecessor-version":[{"id":10546,"href":"https:\/\/2horizontes.com\/index.php?rest_route=\/wp\/v2\/posts\/10544\/revisions\/10546"}],"wp:featuredmedia":[{"embeddable":true,"href":"https:\/\/2horizontes.com\/index.php?rest_route=\/wp\/v2\/media\/10545"}],"wp:attachment":[{"href":"https:\/\/2horizontes.com\/index.php?rest_route=%2Fwp%2Fv2%2Fmedia&parent=10544"}],"wp:term":[{"taxonomy":"category","embeddable":true,"href":"https:\/\/2horizontes.com\/index.php?rest_route=%2Fwp%2Fv2%2Fcategories&post=10544"},{"taxonomy":"post_tag","embeddable":true,"href":"https:\/\/2horizontes.com\/index.php?rest_route=%2Fwp%2Fv2%2Ftags&post=10544"}],"curies":[{"name":"wp","href":"https:\/\/api.w.org\/{rel}","templated":true}]}}