{"id":10496,"date":"2015-06-02T17:28:06","date_gmt":"2015-06-02T16:28:06","guid":{"rendered":"http:\/\/2horizontes.com\/?p=10496"},"modified":"2015-06-02T17:28:06","modified_gmt":"2015-06-02T16:28:06","slug":"el-thyssen-salda-la-deuda-con-zurbaran","status":"publish","type":"post","link":"https:\/\/2horizontes.com\/?p=10496","title":{"rendered":"El Thyssen salda la deuda con Zurbar\u00e1n"},"content":{"rendered":"<p>Un a\u00f1o despu\u00e9s de celebrarse el 350 aniversario de la <span id=\"U3073447725541XlG\">muerte de Zurbar\u00e1n<\/span>, y tras rendirse a sus pies ciudades como Bruselas o Ferrara, Espa\u00f1a ofrecer\u00e1 el debido tributo a uno de los grandes maestros del <span id=\"U3011898778366H8C\">Siglo de Oro espa\u00f1ol<\/span>. Magistrales obras del pintor extreme\u00f1o que entr\u00f3 en la historia del arte por sus lienzos de tem\u00e1tica religiosa y su genial dominio de la textura de los ropajes podr\u00e1n admirarse con una nueva mirada gracias al <span id=\"U3073447725541IvD\">Museo Thyssen-Bornemisza<\/span> de Madrid. La exposici\u00f3n, organizada en colaboraci\u00f3n con el Museum Kunstpalast de D\u00fcsseldorf, podr\u00e1 desde del 9 de junio al 13 de septiembre. Las entradas ya est\u00e1n a la venta.<\/p>\n<p>Adem\u00e1s de contemplar el volumen y cromatismo de las <span id=\"U3073447725541S6G\">faldas de Santa Casilda<\/span> , \u00fanico &#8216;zurbar\u00e1n&#8217; de la pinacoteca madrile\u00f1a, se exhibir\u00e1n lienzos tan elogiados como el famoso &#8216;Agnus Dei&#8217; (cordero de Dios) o la muerte de <span id=\"U3073447725541buB\">&#8216;San Serapio&#8217;<\/span>, uno de los m\u00e1rtires de los mercedarios, ca\u00eddo en 1240 a manos de los piratas sarracenos. La obra sali\u00f3 del taller de Zurbar\u00e1n en 1628 tras el encargo de los monjes sevillanos de Nuestra Se\u00f1ora de la Merced Calzada. Cuatro siglos despu\u00e9s, la pintura viaja a Espa\u00f1a desde el museo <span id=\"U3073447725541YHF\">Wadsworth Atheneum de Connecticut<\/span> (EE UU) para disfrute de los amantes del arte, ansiosos por encontrarse con el vac\u00edo de tela y la luz de su traje de m\u00e1rtir.<\/p>\n<p>Con obras maestras como esta, la exposici\u00f3n &#8216;<span id=\"U3011898778366bTH\">Zurbar\u00e1n: una nueva mirada<\/span>&#8216; promete un selecto recorrido por la producci\u00f3n del artista extreme\u00f1o desde sus primeros encargos hasta las <span id=\"U3073447725541YUD\">obras claves de su madurez<\/span>. La exposici\u00f3n completa la visi\u00f3n de uno de los pintores m\u00e1s importantes del barroco espa\u00f1ol gracias a la presencia de lienzos in\u00e9ditos o recuperados en los \u00faltimos a\u00f1os, algunos de ellos nunca antes expuestos en nuestro pa\u00eds.<\/p>\n<p>Para el Museo Thyssen, la visi\u00f3n realista y m\u00edstica de su pintura y su peculiar manera de abordar distintas tem\u00e1ticas han convertido al pintor de Fuente de Cantos, <span id=\"U30734477255412RG\">coet\u00e1neo de Vel\u00e1zquez<\/span>, en una pieza fundamental del arte reconocida pLa muestra madrile\u00f1a confrontar\u00e1 su obra con la de sus <span id=\"U3011898778366xwE\">mejores disc\u00edpulos<\/span>, as\u00ed como con la de su propio hijo, Juan de Zurbar\u00e1n, representado por sus refinados bodegones.<\/p>\n<p>Obras de tema mitol\u00f3gico y retratos completar\u00e1n la amplia producci\u00f3n de cristos, monjes y santos a lo largo de las siete salas de la exposici\u00f3n, comisariada conjuntamente por Odile Delenda, Historiadora del Arte y autora del cat\u00e1logo razonado del pintor, y Mar Borobia, Jefe de Pintura Antigua del Museo Thyssen-Bornemisza.<\/p>\n<p>Despu\u00e9s de ser vista en Madrid, la muestra viajar\u00e1 al museo Kunstpalast alem\u00e1n.<\/p>\n<p>En paralelo a la exposici\u00f3n, el museo ha programado una jornada el 23 de junio para analizar la figura de este maestro del Siglo de Oro espa\u00f1ol, a la luz de los estudios realizados en los \u00faltimos a\u00f1os. Desde la gran exposici\u00f3n que se le dedic\u00f3 en 1988, que pudo verse en Madrid, Par\u00eds y Nueva York, la investigaci\u00f3n de los expertos ha permitido actualizar su legado.<\/p>\n<p>En la jornada se abordar\u00e1n estas novedades a trav\u00e9s de conferencias impartidas por especialistas como Odile Delenda, comisaria de la muestra y una de las mayores espertas mundiales; el <span id=\"U3011898778366MnG\">cronista oficial de Llerena<\/span> (Badajoz), Luis Garra\u00edn; el conservador jefe de la Dulwich Picture Gallery de Londres, Xavier Bray; los historiadores del Arte Benito Navarrete y Enrique Valdivieso, y la directora del Museo de Bellas Artes de Sevilla, M\u00aa del Valme Mu\u00f1oz.<\/p>\n<p>Las charlas se completar\u00e1n con una mesa redonda en la que participar\u00e1n el artista Antonio L\u00f3pez y los conservadores Ignacio Cano, Carmen Garrido y Almudena Ros.<\/p>\n","protected":false},"excerpt":{"rendered":"<p>Un a\u00f1o despu\u00e9s de celebrarse el 350 aniversario de la muerte de Zurbar\u00e1n, y tras rendirse a sus pies ciudades como Bruselas o Ferrara, Espa\u00f1a ofrecer\u00e1 el debido tributo a uno de los grandes maestros del Siglo de Oro espa\u00f1ol. Magistrales obras del pintor extreme\u00f1o que entr\u00f3 en la historia del arte por sus lienzos [&hellip;]<\/p>\n","protected":false},"author":3,"featured_media":10497,"comment_status":"open","ping_status":"open","sticky":false,"template":"","format":"standard","meta":{"footnotes":""},"categories":[62],"tags":[],"class_list":["post-10496","post","type-post","status-publish","format-standard","has-post-thumbnail","hentry","category-cultura"],"_links":{"self":[{"href":"https:\/\/2horizontes.com\/index.php?rest_route=\/wp\/v2\/posts\/10496","targetHints":{"allow":["GET"]}}],"collection":[{"href":"https:\/\/2horizontes.com\/index.php?rest_route=\/wp\/v2\/posts"}],"about":[{"href":"https:\/\/2horizontes.com\/index.php?rest_route=\/wp\/v2\/types\/post"}],"author":[{"embeddable":true,"href":"https:\/\/2horizontes.com\/index.php?rest_route=\/wp\/v2\/users\/3"}],"replies":[{"embeddable":true,"href":"https:\/\/2horizontes.com\/index.php?rest_route=%2Fwp%2Fv2%2Fcomments&post=10496"}],"version-history":[{"count":1,"href":"https:\/\/2horizontes.com\/index.php?rest_route=\/wp\/v2\/posts\/10496\/revisions"}],"predecessor-version":[{"id":10498,"href":"https:\/\/2horizontes.com\/index.php?rest_route=\/wp\/v2\/posts\/10496\/revisions\/10498"}],"wp:featuredmedia":[{"embeddable":true,"href":"https:\/\/2horizontes.com\/index.php?rest_route=\/wp\/v2\/media\/10497"}],"wp:attachment":[{"href":"https:\/\/2horizontes.com\/index.php?rest_route=%2Fwp%2Fv2%2Fmedia&parent=10496"}],"wp:term":[{"taxonomy":"category","embeddable":true,"href":"https:\/\/2horizontes.com\/index.php?rest_route=%2Fwp%2Fv2%2Fcategories&post=10496"},{"taxonomy":"post_tag","embeddable":true,"href":"https:\/\/2horizontes.com\/index.php?rest_route=%2Fwp%2Fv2%2Ftags&post=10496"}],"curies":[{"name":"wp","href":"https:\/\/api.w.org\/{rel}","templated":true}]}}