{"id":10482,"date":"2015-06-02T16:21:28","date_gmt":"2015-06-02T15:21:28","guid":{"rendered":"http:\/\/2horizontes.com\/?p=10482"},"modified":"2015-06-02T16:21:28","modified_gmt":"2015-06-02T15:21:28","slug":"dos-activistas-de-femen-se-fotografian-desnudas-en-monumento-marroqui","status":"publish","type":"post","link":"https:\/\/2horizontes.com\/?p=10482","title":{"rendered":"Dos activistas de Femen se fotograf\u00edan desnudas en monumento marroqu\u00ed"},"content":{"rendered":"<p>RABAT, Marruecos, Dos activistas del movimiento feminista Femen se fotografiaron este martes desnudas en la explanada de la Tour Hassan, el monumento m\u00e1s emblem\u00e1tico de Rabat, seg\u00fan publican hoy varios medios marroqu\u00edes.<\/p>\n<p>La \u00abacci\u00f3n\u00bb ha sido reivindicada por la secci\u00f3n de Femen-Francia en su cuenta de twitter \u00a0e inmediatamente la imagen de las dos feministas ha sido recogida por varios medios marroqu\u00edes.<\/p>\n<p>Se desconoce qui\u00e9nes son las activistas y qu\u00e9 ha sido de ellas tras su acci\u00f3n. Las autoridades no han hecho referencia a los hechos hasta el momento.<\/p>\n<p>Las activistas aparecen bes\u00e1ndose delante de la Torre Hassan, el monumento m\u00e1s visitado por los turistas en la capital marroqu\u00ed, y llevan inscrito en su torso desnudo el lema \u00abIn Gay we trust\u00bb, juego de palabras que transforma el lema estadounidense \u00abIn God we trust\u00bb (En Dios confiamos).<\/p>\n<p>En el mensaje que acompa\u00f1a a la foto, Femen Francia ha escrito: \u00abLa homofobia no es una tradici\u00f3n ni una cultura, y aun menos debe convertirse en ley\u00bb.<\/p>\n<p>Con ello, hacen referencia al C\u00f3digo Penal marroqu\u00ed que penaliza expresamente con penas de hasta tres a\u00f1os de c\u00e1rcel \u00ablas relaciones contra natura entre personas del mismo sexo\u00bb, y que se aplica con frecuencia.<\/p>\n","protected":false},"excerpt":{"rendered":"<p>RABAT, Marruecos, Dos activistas del movimiento feminista Femen se fotografiaron este martes desnudas en la explanada de la Tour Hassan, el monumento m\u00e1s emblem\u00e1tico de Rabat, seg\u00fan publican hoy varios medios marroqu\u00edes. La \u00abacci\u00f3n\u00bb ha sido reivindicada por la secci\u00f3n de Femen-Francia en su cuenta de twitter \u00a0e inmediatamente la imagen de las dos feministas [&hellip;]<\/p>\n","protected":false},"author":3,"featured_media":10483,"comment_status":"open","ping_status":"open","sticky":false,"template":"","format":"standard","meta":{"footnotes":""},"categories":[57],"tags":[],"class_list":["post-10482","post","type-post","status-publish","format-standard","has-post-thumbnail","hentry","category-mundo-gay"],"_links":{"self":[{"href":"https:\/\/2horizontes.com\/index.php?rest_route=\/wp\/v2\/posts\/10482","targetHints":{"allow":["GET"]}}],"collection":[{"href":"https:\/\/2horizontes.com\/index.php?rest_route=\/wp\/v2\/posts"}],"about":[{"href":"https:\/\/2horizontes.com\/index.php?rest_route=\/wp\/v2\/types\/post"}],"author":[{"embeddable":true,"href":"https:\/\/2horizontes.com\/index.php?rest_route=\/wp\/v2\/users\/3"}],"replies":[{"embeddable":true,"href":"https:\/\/2horizontes.com\/index.php?rest_route=%2Fwp%2Fv2%2Fcomments&post=10482"}],"version-history":[{"count":1,"href":"https:\/\/2horizontes.com\/index.php?rest_route=\/wp\/v2\/posts\/10482\/revisions"}],"predecessor-version":[{"id":10484,"href":"https:\/\/2horizontes.com\/index.php?rest_route=\/wp\/v2\/posts\/10482\/revisions\/10484"}],"wp:featuredmedia":[{"embeddable":true,"href":"https:\/\/2horizontes.com\/index.php?rest_route=\/wp\/v2\/media\/10483"}],"wp:attachment":[{"href":"https:\/\/2horizontes.com\/index.php?rest_route=%2Fwp%2Fv2%2Fmedia&parent=10482"}],"wp:term":[{"taxonomy":"category","embeddable":true,"href":"https:\/\/2horizontes.com\/index.php?rest_route=%2Fwp%2Fv2%2Fcategories&post=10482"},{"taxonomy":"post_tag","embeddable":true,"href":"https:\/\/2horizontes.com\/index.php?rest_route=%2Fwp%2Fv2%2Ftags&post=10482"}],"curies":[{"name":"wp","href":"https:\/\/api.w.org\/{rel}","templated":true}]}}