{"id":10462,"date":"2015-06-02T12:32:23","date_gmt":"2015-06-02T11:32:23","guid":{"rendered":"http:\/\/2horizontes.com\/?p=10462"},"modified":"2015-06-02T12:33:47","modified_gmt":"2015-06-02T11:33:47","slug":"ex-presidentes-firman-carta-de-denuncia-contra-venezuela","status":"publish","type":"post","link":"https:\/\/2horizontes.com\/?p=10462","title":{"rendered":"Ex presidentes firman carta de denuncia contra Venezuela"},"content":{"rendered":"<p>Los ex presidentes que firmaron la reciente Declaraci\u00f3n de Panam\u00e1 se unieron de nuevo en la denuncia del \u201cagravamiento\u201d de la situaci\u00f3n pol\u00edtica, social y econ\u00f3mica de Venezuela, inform\u00f3 hoy la Fundaci\u00f3n FAES, presidida por el ex jefe del Gobierno espa\u00f1ol Jos\u00e9 Mar\u00eda Aznar.<\/p>\n<p>La firma de la denominada Declaraci\u00f3n de Caracas se produce despu\u00e9s de que las autoridades venezolanas negaran este viernes a los ex presidentes Andr\u00e9s Pastrana, de Colombia, y Jorge Quiroga, de Bolivia, la posibilidad de visitar a los presos pol\u00edticos en Venezuela, en concreto a Leopoldo L\u00f3pez y Daniel Ceballos.<\/p>\n<p>De momento, 27 ex mandatarios se han adherido a esta nueva declaraci\u00f3n, en la que alertan del \u201cimparable deterioro\u201d de las garant\u00edas democr\u00e1ticas y los derechos humanos en Venezuela. A la iniciativa, se han unido ex presidentes de Argentina, Bolivia, Chile, Colombia, Costa Rica, Ecuador, El Salvador, Espa\u00f1a, M\u00e9xico, panam\u00e1, Paraguay, Per\u00fa y Uruguay.<\/p>\n<p>Los firmantes denuncian adem\u00e1s, seg\u00fan el comunicado de FAES, la \u201cpersecuci\u00f3n de la prensa independiente, el progresivo condicionamiento de las elecciones parlamentarias y la crisis humanitaria que sufre Venezuela\u201d. Reiteran su llamamiento a que la comunidad internacional se mantenga \u201cvigilante\u201d ante el empeoramiento de la situaci\u00f3n.<\/p>\n<p>Los ex mandatarios demandan tambi\u00e9n \u201cla revocatoria de las medidas de persecuci\u00f3n judicial contra la prensa independiente; el cese de las persecuciones y la libertad de los presos pol\u00edticos y el respeto de sus dignidades humanas\u201d.<\/p>\n","protected":false},"excerpt":{"rendered":"<p>Los ex presidentes que firmaron la reciente Declaraci\u00f3n de Panam\u00e1 se unieron de nuevo en la denuncia del \u201cagravamiento\u201d de la situaci\u00f3n pol\u00edtica, social y econ\u00f3mica de Venezuela, inform\u00f3 hoy la Fundaci\u00f3n FAES, presidida por el ex jefe del Gobierno espa\u00f1ol Jos\u00e9 Mar\u00eda Aznar. La firma de la denominada Declaraci\u00f3n de Caracas se produce despu\u00e9s [&hellip;]<\/p>\n","protected":false},"author":7,"featured_media":10466,"comment_status":"open","ping_status":"open","sticky":false,"template":"","format":"standard","meta":{"footnotes":""},"categories":[40,43,48],"tags":[],"class_list":["post-10462","post","type-post","status-publish","format-standard","has-post-thumbnail","hentry","category-internacionales","category-politica","category-venezuela"],"_links":{"self":[{"href":"https:\/\/2horizontes.com\/index.php?rest_route=\/wp\/v2\/posts\/10462","targetHints":{"allow":["GET"]}}],"collection":[{"href":"https:\/\/2horizontes.com\/index.php?rest_route=\/wp\/v2\/posts"}],"about":[{"href":"https:\/\/2horizontes.com\/index.php?rest_route=\/wp\/v2\/types\/post"}],"author":[{"embeddable":true,"href":"https:\/\/2horizontes.com\/index.php?rest_route=\/wp\/v2\/users\/7"}],"replies":[{"embeddable":true,"href":"https:\/\/2horizontes.com\/index.php?rest_route=%2Fwp%2Fv2%2Fcomments&post=10462"}],"version-history":[{"count":1,"href":"https:\/\/2horizontes.com\/index.php?rest_route=\/wp\/v2\/posts\/10462\/revisions"}],"predecessor-version":[{"id":10465,"href":"https:\/\/2horizontes.com\/index.php?rest_route=\/wp\/v2\/posts\/10462\/revisions\/10465"}],"wp:featuredmedia":[{"embeddable":true,"href":"https:\/\/2horizontes.com\/index.php?rest_route=\/wp\/v2\/media\/10466"}],"wp:attachment":[{"href":"https:\/\/2horizontes.com\/index.php?rest_route=%2Fwp%2Fv2%2Fmedia&parent=10462"}],"wp:term":[{"taxonomy":"category","embeddable":true,"href":"https:\/\/2horizontes.com\/index.php?rest_route=%2Fwp%2Fv2%2Fcategories&post=10462"},{"taxonomy":"post_tag","embeddable":true,"href":"https:\/\/2horizontes.com\/index.php?rest_route=%2Fwp%2Fv2%2Ftags&post=10462"}],"curies":[{"name":"wp","href":"https:\/\/api.w.org\/{rel}","templated":true}]}}