{"id":10457,"date":"2015-06-02T12:14:32","date_gmt":"2015-06-02T11:14:32","guid":{"rendered":"http:\/\/2horizontes.com\/?p=10457"},"modified":"2015-06-02T12:15:22","modified_gmt":"2015-06-02T11:15:22","slug":"iberia-vuelve-a-cuba-con-cinco-vuelos-a-la-semana-y-12-000-asientos-al-mes","status":"publish","type":"post","link":"https:\/\/2horizontes.com\/?p=10457","title":{"rendered":"Iberia vuelve a Cuba con cinco vuelos a la semana y 12.000 asientos al mes"},"content":{"rendered":"<div class=\"columna_texto\">\n<div id=\"cuerpo_noticia\" class=\"cuerpo_noticia\">\n<p>Iberia reanuda este lunes sus vuelos a La Habana (Cuba), suspendidos hace dos a\u00f1os, una ruta que contar\u00e1 con cinco frecuencias semanales directas (lunes, martes, mi\u00e9rcoles, s\u00e1bados y domingos) desde junio. La recuperaci\u00f3n de esta ruta, anunciada a finales de enero por el presidente ejecutivo de Iberia, Luis Gallego, llega en un momento id\u00f3neo por el restablecimiento de las relaciones entre EE.UU. y Cuba y las expectativas que se abren para el sector tur\u00edstico espa\u00f1ol, uno de los que cuenta con mayores intereses en la isla.<\/p>\n<p>La aerol\u00ednea conf\u00eda en que el acercamiento iniciado entre Cuba y Estados Unidos y el nuevo escenario que se dibuja ayude a la compa\u00f1\u00eda a\u00e9rea a captar viajeros de negocios a La Habana y mejorar el ingreso medio de la ruta.<\/p>\n<div id=\"sumario_1|apoyos\" class=\"derecha\">idad para 278 pasajeros (36 en<em>business<\/em> y 242 en econ\u00f3mica), lo que supone unos 12.000 asientos mensuales.\u00a0El primer vuelo sale este lunes de la T4, pero en este caso operado por el avi\u00f3n m\u00e1s grande de Iberia, el Airbus A340\/600, con capacidad para 346 pasajeros.<\/div>\n<p>Iberia dej\u00f3 de volar a Cuba en abril de 2013, a\u00f1o en el que suspendi\u00f3 otras rutas en Latinoam\u00e9rica, su mercado principal, al considerarlas deficitarias por su alto componente de tr\u00e1fico mayoritariamente tur\u00edstico, aunque aument\u00f3 frecuencias en Colombia, Chile o Panam\u00e1. No obstante, la aerol\u00ednea, que no ganaba dinero desde 2009, siempre dijo que regresar\u00eda a Cuba cuando pudiera hacer la ruta sostenible en el tiempo. \u00abHa llegado el momento\u00bb, anunci\u00f3 Gallego en enero.<\/p>\n<div id=\"sumario_2|foto\" class=\"izquierda\"><a name=\"sumario_2\"><\/a><\/p>\n<div class=\"media\">\n<div class=\"foto figure\"><a class=\"posicionador\" title=\"ampliar foto\"><img loading=\"lazy\" decoding=\"async\" title=\"\" src=\"http:\/\/ep01.epimg.net\/economia\/imagenes\/2015\/05\/31\/actualidad\/1433072261_191824_1433161516_sumario_normal.jpg\" alt=\"\" width=\"300\" height=\"225\" \/><span id=\"capaAmpliarFotoReposo_p4\" class=\"ampliar_foto reposo\"><\/span><\/a><\/p>\n<p class=\"figcaption estirar\">Destinos de Iberia en Am\u00e9rica.<\/p>\n<\/div>\n<\/div>\n<\/div>\n<p>Con las condiciones laborales y las medidas de productividad pactadas con sus trabajadores, que podr\u00edan extenderse hasta 2018 con el acuerdo de ultraactividad, Iberia busca alcanzar los niveles de rentabilidad exigidos por los inversores. En el primer trimestre de 2015, ya redujo a la mitad sus<em>n\u00fameros rojos<\/em>, hasta 55 millones de euros, y once a\u00f1os despu\u00e9s, ha vuelto al mercado de deuda para financiar los ocho aviones A330-200 que recibir\u00e1 entre diciembre de 2015 y noviembre de 2016 para su flora de largo radio.<\/p>\n<p>Y es que para reanudar los vuelos a La Habana con la seguridad de que la ruta sea rentable fue determinante el acuerdo con los tres colectivos de la compa\u00f1\u00eda &#8211;tierra, tripulantes de cabina y pilotos, sobre todo&#8211;. Ya en 2014, los cambios acometidos en la compa\u00f1\u00eda en los \u00faltimos a\u00f1os permitieron reabrir Atenas, Santo Domingo &#8211;con un vuelo diario desde marzo de este a\u00f1o&#8211; y Estambul, conexiones que tambi\u00e9n dej\u00f3 de operar en 2013.<\/p>\n<p>Este verano, adem\u00e1s de regresar a Cuba, iniciar\u00e1 vuelos a nuevos destinos en Am\u00e9rica Latina, como Cali y Medell\u00edn, que operar\u00e1 por primera vez a partir del 3 de julio, en una ruta triangular, Madrid-Medell\u00edn-Cali-Madrid con tres frecuencias semanales. Con esos tres destinos m\u00e1s Santo Domingo y Montevideo, Iberia habr\u00e1 lanzado o recuperado cinco destinos en Latinoam\u00e9rica en seis meses. En la temporada de verano, Iberia ofrecer\u00e1 19 destinos en 15 pa\u00edses de Am\u00e9rica Latina y m\u00e1s de 250 vuelos a la semana \u2013directos y, en su mayor\u00eda, diarios- entre ambas regiones.<\/p>\n<p>Como todos los a\u00f1os, ha recuperado en verano sus vuelos directos con Los Angeles, Boston, San Petersburgo, Zagreb y Dubrovnik. En conjunto, el Grupo Iberia &#8211;incluyendo Iberia, Iberia Express y Air Nostrum&#8211; suma 39 nuevas rutas este verano, lo que supone incorporar 19 destinos adicionales a su red, a las que sumar\u00e1n el refuerzo de su oferta (en vuelos o asientos) en 22 de sus rutas actuales.<\/p>\n<p>F. El Mundo.<\/p>\n<p>&nbsp;<\/p>\n<\/div>\n<\/div>\n","protected":false},"excerpt":{"rendered":"<p>Iberia reanuda este lunes sus vuelos a La Habana (Cuba), suspendidos hace dos a\u00f1os, una ruta que contar\u00e1 con cinco frecuencias semanales directas (lunes, martes, mi\u00e9rcoles, s\u00e1bados y domingos) desde junio. La recuperaci\u00f3n de esta ruta, anunciada a finales de enero por el presidente ejecutivo de Iberia, Luis Gallego, llega en un momento id\u00f3neo por [&hellip;]<\/p>\n","protected":false},"author":7,"featured_media":10458,"comment_status":"open","ping_status":"open","sticky":false,"template":"","format":"standard","meta":{"footnotes":""},"categories":[49,40,64],"tags":[],"class_list":["post-10457","post","type-post","status-publish","format-standard","has-post-thumbnail","hentry","category-cuba","category-internacionales","category-turismo"],"_links":{"self":[{"href":"https:\/\/2horizontes.com\/index.php?rest_route=\/wp\/v2\/posts\/10457","targetHints":{"allow":["GET"]}}],"collection":[{"href":"https:\/\/2horizontes.com\/index.php?rest_route=\/wp\/v2\/posts"}],"about":[{"href":"https:\/\/2horizontes.com\/index.php?rest_route=\/wp\/v2\/types\/post"}],"author":[{"embeddable":true,"href":"https:\/\/2horizontes.com\/index.php?rest_route=\/wp\/v2\/users\/7"}],"replies":[{"embeddable":true,"href":"https:\/\/2horizontes.com\/index.php?rest_route=%2Fwp%2Fv2%2Fcomments&post=10457"}],"version-history":[{"count":1,"href":"https:\/\/2horizontes.com\/index.php?rest_route=\/wp\/v2\/posts\/10457\/revisions"}],"predecessor-version":[{"id":10459,"href":"https:\/\/2horizontes.com\/index.php?rest_route=\/wp\/v2\/posts\/10457\/revisions\/10459"}],"wp:featuredmedia":[{"embeddable":true,"href":"https:\/\/2horizontes.com\/index.php?rest_route=\/wp\/v2\/media\/10458"}],"wp:attachment":[{"href":"https:\/\/2horizontes.com\/index.php?rest_route=%2Fwp%2Fv2%2Fmedia&parent=10457"}],"wp:term":[{"taxonomy":"category","embeddable":true,"href":"https:\/\/2horizontes.com\/index.php?rest_route=%2Fwp%2Fv2%2Fcategories&post=10457"},{"taxonomy":"post_tag","embeddable":true,"href":"https:\/\/2horizontes.com\/index.php?rest_route=%2Fwp%2Fv2%2Ftags&post=10457"}],"curies":[{"name":"wp","href":"https:\/\/api.w.org\/{rel}","templated":true}]}}