{"id":10337,"date":"2015-06-01T19:52:39","date_gmt":"2015-06-01T18:52:39","guid":{"rendered":"http:\/\/2horizontes.com\/?p=10337"},"modified":"2015-06-01T19:53:38","modified_gmt":"2015-06-01T18:53:38","slug":"asi-luce-bruce-jenner-como-mujer","status":"publish","type":"post","link":"https:\/\/2horizontes.com\/?p=10337","title":{"rendered":"As\u00ed luce Bruce Jenner como mujer"},"content":{"rendered":"<p>Desde hace unos meses, Bruce Jenner es el foco de atenci\u00f3n, debido a que el padrastro de las Kardashian dio a conocer que tras vivir 65 a\u00f1os como hombre, estaba listo para aceptar su verdadera personalidad y convertirse en mujer. De inmediato, los medios internacionales comenzaron a burlarse y criticar la decisi\u00f3n del ex atleta ol\u00edmpico.<\/p>\n<p>Pero ahora, el pap\u00e1 de Kendall y Kylie Jenner demostr\u00f3 que no le importan los comentarios negativos y que su transici\u00f3n de hombre a mujer es lo mejor que le ha pasado en la vida, raz\u00f3n por la que por primera vez apareci\u00f3 como toda una mujer en una prestigiosa revista norteamericana.<\/p>\n<p>En la \u00faltima edici\u00f3n de Vanity Fair se divulgaron una serie de fotograf\u00edas en las que se observa a Bruce Jenner vestido con ropa muy diminuta y disfrutando al m\u00e1ximo su nueva vida. El padrastro de las Kardashian indic\u00f3 que su nombre de mujer es Caitlyn, hecho que lo hace verdaderamente feliz.<\/p>\n<p><img loading=\"lazy\" decoding=\"async\" class=\"tvsaimg-loaded\" title=\"Bruce Jenner disfruta su vida como mujer\" src=\"http:\/\/i2.esmas.com\/2015\/06\/01\/772726\/bruce-jenner-624x351(2).jpg\" alt=\"Bruce Jenner disfruta su vida como mujer\" width=\"624\" height=\"351\" border=\"0\" \/><br \/>\n\u00abEstos \u00faltimos d\u00edas en la sesi\u00f3n de fotos se trataron acerca de mi vida y de qui\u00e9n soy como persona. Bruce siempre vivi\u00f3 una mentira y escond\u00eda un secreto. Caitlyn no tiene ning\u00fan secreto y con la edici\u00f3n de Vanity Fair me siento libre\u00bb, declar\u00f3 la estrella del reality Keeping Up With The Kardashians.<\/p>\n","protected":false},"excerpt":{"rendered":"<p>Desde hace unos meses, Bruce Jenner es el foco de atenci\u00f3n, debido a que el padrastro de las Kardashian dio a conocer que tras vivir 65 a\u00f1os como hombre, estaba listo para aceptar su verdadera personalidad y convertirse en mujer. De inmediato, los medios internacionales comenzaron a burlarse y criticar la decisi\u00f3n del ex atleta [&hellip;]<\/p>\n","protected":false},"author":3,"featured_media":10338,"comment_status":"open","ping_status":"open","sticky":false,"template":"","format":"standard","meta":{"footnotes":""},"categories":[40,57],"tags":[],"class_list":["post-10337","post","type-post","status-publish","format-standard","has-post-thumbnail","hentry","category-internacionales","category-mundo-gay"],"_links":{"self":[{"href":"https:\/\/2horizontes.com\/index.php?rest_route=\/wp\/v2\/posts\/10337","targetHints":{"allow":["GET"]}}],"collection":[{"href":"https:\/\/2horizontes.com\/index.php?rest_route=\/wp\/v2\/posts"}],"about":[{"href":"https:\/\/2horizontes.com\/index.php?rest_route=\/wp\/v2\/types\/post"}],"author":[{"embeddable":true,"href":"https:\/\/2horizontes.com\/index.php?rest_route=\/wp\/v2\/users\/3"}],"replies":[{"embeddable":true,"href":"https:\/\/2horizontes.com\/index.php?rest_route=%2Fwp%2Fv2%2Fcomments&post=10337"}],"version-history":[{"count":1,"href":"https:\/\/2horizontes.com\/index.php?rest_route=\/wp\/v2\/posts\/10337\/revisions"}],"predecessor-version":[{"id":10339,"href":"https:\/\/2horizontes.com\/index.php?rest_route=\/wp\/v2\/posts\/10337\/revisions\/10339"}],"wp:featuredmedia":[{"embeddable":true,"href":"https:\/\/2horizontes.com\/index.php?rest_route=\/wp\/v2\/media\/10338"}],"wp:attachment":[{"href":"https:\/\/2horizontes.com\/index.php?rest_route=%2Fwp%2Fv2%2Fmedia&parent=10337"}],"wp:term":[{"taxonomy":"category","embeddable":true,"href":"https:\/\/2horizontes.com\/index.php?rest_route=%2Fwp%2Fv2%2Fcategories&post=10337"},{"taxonomy":"post_tag","embeddable":true,"href":"https:\/\/2horizontes.com\/index.php?rest_route=%2Fwp%2Fv2%2Ftags&post=10337"}],"curies":[{"name":"wp","href":"https:\/\/api.w.org\/{rel}","templated":true}]}}