{"id":10318,"date":"2015-06-01T13:37:45","date_gmt":"2015-06-01T12:37:45","guid":{"rendered":"http:\/\/2horizontes.com\/?p=10318"},"modified":"2015-06-01T13:37:45","modified_gmt":"2015-06-01T12:37:45","slug":"ricky-martin-tramita-la-adopcion-de-una-nina","status":"publish","type":"post","link":"https:\/\/2horizontes.com\/?p=10318","title":{"rendered":"Ricky Martin tramita la adopci\u00f3n de una ni\u00f1a"},"content":{"rendered":"<p>Reci\u00e9n llegado de Londres y con un avi\u00f3n esper\u00e1ndole en el aeropuerto para llevarle a Nueva York a las siete de la ma\u00f1ana, el cantante Ricky Martin fue la estrella discutible en la gala de los premios Cadena 100 que este a\u00f1o se celebraron en el Palau Nacional de Barcelona. Cerca de 500 fueron los invitados a la cena, cuyo men\u00fa consisti\u00f3 en ensalada de fruta y salm\u00f3n, ternera en su salsa y postre de dise\u00f1o.<\/p>\n<p>Ricky sigue siendo el m\u00e1s guapo, el de los dientes m\u00e1s blancos y el bronceado m\u00e1s cuidado. Muy delgado, de negro y flanqueado por una barrera de personas que le hac\u00edan casi inaccesible (representantes, ayudantes, seguridad y dem\u00e1s parafernalia) sus minutos ante los medios de comunicaci\u00f3n fueron discutibles, ya que tras desahogarse en \u00abThe Sun\u00bb y confesar que est\u00e1 soltero y que con sus hijos peque\u00f1os no es plan de meter hombres en casa, en Barcelona simplemente confirm\u00f3 su intenci\u00f3n de adoptar una ni\u00f1a (los tr\u00e1mites ya est\u00e1n en camino) o comentar que esta vez los peque\u00f1os se hab\u00edan quedado al cuidado de los abuelos, porque el viaje era breve e intenso de trabajo. \u00abMis hijos ya saben qui\u00e9n soy y a qu\u00e9 me dedico por eso no les sorprende que estemos siempre viajando\u00bb, coment\u00f3.<\/p>\n<p>Ricky recogi\u00f3 premio al igual que otros homenajeados, como el aventurero Jesus Calleja, el m\u00fasico Fito Cabrales, el grupo Devicio o la artista Vanesa Mart\u00edn. La cantante Ana Torroja tambi\u00e9n ten\u00eda trofeo, pero perdi\u00f3 el avi\u00f3n desde Mexico y se quedo con ganas de fiesta.<\/p>\n","protected":false},"excerpt":{"rendered":"<p>Reci\u00e9n llegado de Londres y con un avi\u00f3n esper\u00e1ndole en el aeropuerto para llevarle a Nueva York a las siete de la ma\u00f1ana, el cantante Ricky Martin fue la estrella discutible en la gala de los premios Cadena 100 que este a\u00f1o se celebraron en el Palau Nacional de Barcelona. Cerca de 500 fueron los [&hellip;]<\/p>\n","protected":false},"author":3,"featured_media":10321,"comment_status":"open","ping_status":"open","sticky":false,"template":"","format":"standard","meta":{"footnotes":""},"categories":[1],"tags":[],"class_list":["post-10318","post","type-post","status-publish","format-standard","has-post-thumbnail","hentry","category-entretenimiento"],"_links":{"self":[{"href":"https:\/\/2horizontes.com\/index.php?rest_route=\/wp\/v2\/posts\/10318","targetHints":{"allow":["GET"]}}],"collection":[{"href":"https:\/\/2horizontes.com\/index.php?rest_route=\/wp\/v2\/posts"}],"about":[{"href":"https:\/\/2horizontes.com\/index.php?rest_route=\/wp\/v2\/types\/post"}],"author":[{"embeddable":true,"href":"https:\/\/2horizontes.com\/index.php?rest_route=\/wp\/v2\/users\/3"}],"replies":[{"embeddable":true,"href":"https:\/\/2horizontes.com\/index.php?rest_route=%2Fwp%2Fv2%2Fcomments&post=10318"}],"version-history":[{"count":1,"href":"https:\/\/2horizontes.com\/index.php?rest_route=\/wp\/v2\/posts\/10318\/revisions"}],"predecessor-version":[{"id":10322,"href":"https:\/\/2horizontes.com\/index.php?rest_route=\/wp\/v2\/posts\/10318\/revisions\/10322"}],"wp:featuredmedia":[{"embeddable":true,"href":"https:\/\/2horizontes.com\/index.php?rest_route=\/wp\/v2\/media\/10321"}],"wp:attachment":[{"href":"https:\/\/2horizontes.com\/index.php?rest_route=%2Fwp%2Fv2%2Fmedia&parent=10318"}],"wp:term":[{"taxonomy":"category","embeddable":true,"href":"https:\/\/2horizontes.com\/index.php?rest_route=%2Fwp%2Fv2%2Fcategories&post=10318"},{"taxonomy":"post_tag","embeddable":true,"href":"https:\/\/2horizontes.com\/index.php?rest_route=%2Fwp%2Fv2%2Ftags&post=10318"}],"curies":[{"name":"wp","href":"https:\/\/api.w.org\/{rel}","templated":true}]}}