{"id":10302,"date":"2015-06-01T13:37:12","date_gmt":"2015-06-01T12:37:12","guid":{"rendered":"http:\/\/2horizontes.com\/?p=10302"},"modified":"2015-06-01T13:37:12","modified_gmt":"2015-06-01T12:37:12","slug":"por-que-los-restos-de-trujillo-no-pueden-estar-aqui","status":"publish","type":"post","link":"https:\/\/2horizontes.com\/?p=10302","title":{"rendered":"\u00bfPor qu\u00e9 los restos de Trujillo no pueden estar aqu\u00ed?"},"content":{"rendered":"<p>Para bien o mal, \u00e9l es el personaje que mayor impacto ha tenido en la historia de la Rep\u00fablica Dominicana.<\/p>\n<p>Su fantasma vive asechando a nuestra poblaci\u00f3n.( A pesar de que muri\u00f3 hace 54 a\u00f1os, sus m\u00e9todos de gobierno se<\/p>\n<p>Su obra de gobierno tiene, sin lugar a dudas, m\u00e1s luces que sombras.\u00a0 (Lamentablemente, no supimos mantener encendidas estas luces y preferimos las sombras).reh\u00fasan a perecer tranquilamente a su lado y siguen incidiendo en la conducta de numerosos dominicanos; unos los rechazan, otros tratan de imitarlos).<\/p>\n<p>El es la figura que m\u00e1s ha inspirado a los escritores en las \u00faltimas cinco d\u00e9cadas.\u00a0 (Decenas de libros llenan los estantes de nuestras librer\u00edas y son demandados con avidez por p\u00fablico de todas las edades).<\/p>\n<p>No hay un solo d\u00eda en que su nombre no salga a relucir en las conversaciones de las tertulias capitalinas.<\/p>\n<p>Se trata de Rafael L. Trujillo, el hombre que dirigi\u00f3 con mano dura la Rep\u00fablica Dominicana durante 31 a\u00f1os (1930-1961) y \u00a0cuya desaparici\u00f3n f\u00edsica (\u00bf\u201casesinato\u201d o \u201cajusticiamiento\u201d?) es conmemorado en estos momentos.<\/p>\n<p>Hay quienes dicen que fue un criminal. Otros lo tildan de genocida pues orden\u00f3 la matanza de miles de haitianos en el 1937.<\/p>\n<p><strong>Los genocidas m\u00e1s grandes de la historia<\/strong><\/p>\n<p>Antes de seguir adelante,\u00a0 voy a hablar de otros personajes hist\u00f3ricos: \u00a0\u00a0los m\u00e1s grandes genocidas.<\/p>\n<p>El peor de todos fue <strong>Mao Zedong (China)\u00a0(26 de diciembre de 1893 \u2013 9 de septiembre de 1976).- \u00a0<\/strong>A causa de la feroz industrializaci\u00f3n, la implementaci\u00f3n de err\u00f3neas pol\u00edticas sociales y econ\u00f3micas como \u201cEl Gran Salto Adelante\u201d y la \u201cRevoluci\u00f3n Cultural\u201d , fue responsable directa o indirectamente de aproximadamente<strong>75 millones de muertes, <\/strong>\u00a0todo esto durante \u201c\u00e9poca de paz\u201d.<\/p>\n<p>El segundo m\u00e1s grande fue<strong> I\u00f3sif Stalin (Union Sovietica)\u00a0(18 de diciembre de 1878 \u2013 5 de marzo de <\/strong>1953). Como resultado de los r\u00e1pidos cambios econ\u00f3micos, sociales y pol\u00edticos de la \u00e9poca en que \u00e9l fue gobernante, \u00a0millones de personas fueron enviadas a campos de trabajo penales, y otros millones fueron deportadas y exiliadas a zonas remotas de la Uni\u00f3n Sovi\u00e9tica. En 1937, una campa\u00f1a contra supuestos enemigos de su gobierno culmin\u00f3 en la Gran Purga, un per\u00edodo de represi\u00f3n masiva en el que millones de personas fueron ejecutadas.\u00a0 C\u00e1lculos conservadores indican que durante su mandato fueron asesinadas <strong>23 millones de personas<\/strong>. \u00a0\u00a0A pesar de ello, su tumba est\u00e1 junto a la muralla del Kremlin que bordea la Plaza Roja.<\/p>\n<p><strong>Adolf Hitler (Alemania)\u00a0(20 de abril de 1889 \u2013 30 de abril de 1945).<\/strong>\u00a0\u00a0 Fue el presidente y canciller de Alemania entre 1933 y 1945. Llev\u00f3 al poder el Partido Nazi, y lider\u00f3 un r\u00e9gimen totalitario durante el periodo conocido como Tercer Reich o Alemania nazi. Adem\u00e1s, fue quien dirigi\u00f3 a Alemania durante la Segunda Guerra Mundial, iniciada por \u00e9l con el prop\u00f3sito principal de cumplir sus previos planes expansionistas en Europa.\u00a0 Por motivos raciales, \u00a0fue causa de la muerte de diecisiete millones de personas, incluyendo seis millones de jud\u00edos y entre medio y mill\u00f3n y medio de gitanos.<\/p>\n<p><strong>Leopold II de B\u00e9lgica (B\u00e9lgica)\u00a0(9 de abril de 1835 \u2013 17 de diciembre de 1909).\u00a0<\/strong>Se estima que es el cuarto m\u00e1s grande genocida de la historia, pues provoc\u00f3 15 millones de muertos siendo el segundo rey de los belgas y propietario del Estado Libre del Congo.\u00a0 Sus restos est\u00e1n en Laeken, \u00a0en un lujoso mausoleo en un barrio residencial al noroeste de Bruselas.<strong>\u00a0<\/strong><\/p>\n<p><strong>Hideki T\u014dj\u014d (Imperio Japones)\u00a0(30 de diciembre de 1884 \u2013 23 de diciembre de 1948) \u2013<\/strong> 5.000.000 cinco millones de muertos.<\/p>\n<p><strong>\u00a0\u0130smail Enver Pasha (Imperio Otomano)\u00a0(22 de noviembre de 1881 \u2013 4 de agosto de 1922)<\/strong> \u2013 2 millones 500 mil muertos.<\/p>\n<p><strong>Pol Pot (Camboya)\u00a0(19 de mayo de 1925 \u2013 15 de abril de 1998)<\/strong> 1.700.000 Un mill\u00f3n setecientos mil muertos<\/p>\n<p><strong>Kim Il-sung (Corea del Norte)\u00a0(15 de abril de 1912 \u2013 8 de julio de 1994<\/strong>) \u2013 Un mill\u00f3n seiscientos mil muertos<\/p>\n<p><strong>Mengistu Haile Mariam (Etiopia)\u00a0\u2013<\/strong> Presidente desde \u00a0desde 1987 a 1991- Acusado de la muerte de un mill\u00f3n 500 mil personas.<\/p>\n<p><strong>Yakubu Gowon (Nigeria)\u00a0(<\/strong><strong>1 de agosto de 1966 al 29 de julio de 1975) <\/strong>. Responsable por la muerte de m\u00e1s de un mill\u00f3n de Nigerianos.<br \/>\n<strong>\u00bfD\u00f3nde reposan sus restos?<\/strong><\/p>\n<p>Aunque Mao Zedong hab\u00eda expresado\u00a0 el deseo de que sus restos fueran cremados,\u00a0 su cuerpo fue embalsamado y colocado nada menos que en un gigantesco mausoleo en Pek\u00edn, en el centro de la Plaza de Tian\u00b4.anmen.<\/p>\n<p>La tumba de Stalin est\u00e1 en un lugar super privilegiado: \u00a0junto a la muralla del Kremlin, que bordea la Plaza Roja.<\/p>\n<p>Los restos de .Leopold II de B\u00e9lgica est\u00e1n en Laeken,\u00a0en un lujoso mausoleo en un barrio residencial en el \u00a0noroeste de Bruselas.<\/p>\n<p>Hitler no tiene tumba porque se desconoce d\u00f3nde est\u00e1n sus restos (siempre ha habido un manto de misterio en torno a su muerte. Unos dicen que fueron incinerados; otros especulan que \u00e9l se march\u00f3 a la Argentina). Sin embargo, los de otros oficiales nazis, tan asesinos como \u00e9l, est\u00e1n enterrados en distintos lugares de Alemania.<\/p>\n<p>Nunca a nadie en los pa\u00edses mencionados se les ha ocurrido la ridiculez de pedir que dichos restos sean proscritos.\u00a0 Muy por el contrario,\u00a0 en los lugares donde reposan han sido construidos mausoleos que son indiscutibles centros de atracci\u00f3n tur\u00edstica.<\/p>\n<p><strong>Los restos de Trujillo<\/strong><\/p>\n<p>A pesar de la dimensi\u00f3n que para la historia dominicana tuvo Trujillo, sus restos mortales repo<\/p>\n<p class=\"wp-caption-text\">Mausoleo donde reposan los restos de Trujillo, en el cementerio El Parto, de Madrid.<\/p>\n<p>an\u00f3nimo de m\u00e1rmol negro en el cementerio municipal de la localidad madrile\u00f1a de El Pardo.\u00a0 All\u00ed tambi\u00e9n est\u00e1n los de Ramfis Trujillo, hijo del dictador, quien pereci\u00f3 en un accidente automovil\u00edstico.<\/p>\n<p>Los del Tirano Llegaron a Espa\u00f1a en 1970, nueve a\u00f1os despu\u00e9s de su muerte el 30 de mayo del 1961. Originalmente hab\u00edan sido inhumados el 19 de noviembre del 1961 y trasladados en el lujoso yate\u00a0<em>Angelita<\/em>\u00a0con rumbo a Francia. Al llegar a las islas Azores, se orden\u00f3 al comandante del barco que regresara a la Rep\u00fablica Dominicana pues la Prensa hab\u00eda revelado que la embarcaci\u00f3n transportaba 95 millones de d\u00f3lares en lingotes de oro. Se requis\u00f3 la carga del barco sin que aparecieran los lingotes. El f\u00e9retro, sin embargo, fue respetado y pudo salir de las islas en un DC-7 de la compa\u00f1\u00eda Panamerican con destino al aeropuerto de Orly (Par\u00eds). En diciembre de 1961 fue enterrado en el cementerio de P\u00e9re Lachaise, a escasos metros de la tumba de Beethoven.<\/p>\n<p>Los restos mortales fueron llevados a Madrid nueve a\u00f1os despu\u00e9s por iniciativa de la \u00faltima esposa del dictador, Mar\u00eda Mart\u00ednez Alba, natural de un pueblo de C\u00e1diz (Trujillo se cas\u00f3 tres veces y tuvo ocho hijos).<\/p>\n<p>Un n\u00famero, el 46, y la propia peculiaridad del mausoleo de m\u00e1rmol negro son las \u00fanicas pistas para localizar la tumba, visible desde la entrada del peque\u00f1o cementerio. Panteones de familias distinguidas, como las de Oreja Aguirre o Ban\u00fas, rodean el an\u00f3nimo mausoleo. La entrada al pante\u00f3n, de unos ocho metros cuadrados, est\u00e1 fianqueada por un p\u00f3rtico con dos columnas. A trav\u00e9s de la puerta acristalada se llega a distinguir el interior, con un peque\u00f1o oratorio de m\u00e1rmol con flores secas.<\/p>\n<p><strong>Un tema espinoso<\/strong><\/p>\n<p>Hace unos tres a\u00f1os el diputado perrede\u00edsta Leivin Guerrero (PRD-San Crist\u00f3bal) present\u00f3 un proyecto mediante el cual pretend\u00eda que los restos del Dictador fueran trasladados a esta ciudad sure\u00f1a y que all\u00ed se construyera un mausoleo, con fines de explotaci\u00f3n tur\u00edstica.\u00a0 El tema provoc\u00f3 un inmediato avispero y el joven legislador se vio obligado a recular, y retirar su proyecto.<\/p>\n<p><strong>\u00bfA qu\u00e9 le temen?<\/strong><\/p>\n<p>Aunque s\u00e9 que es un tema espinoso y que es una osad\u00eda tratarlo, aprovecho esta ocasi\u00f3n para p\u00fablicamente preguntar:\u00a0 \u00bfpor qu\u00e9 los restos de Trujillo deben estar tan lejos\u2026 en un cementerio de tercera categor\u00eda en las afueras de Madrid, capital de Espa\u00f1a?.\u00a0 \u00bfCu\u00e1l es el temor de que un personaje de su categor\u00eda, tan dominicano como Usted o yo, tenga cristiana sepultura en la tierra donde naci\u00f3?.<\/p>\n<p>Ojal\u00e1 que alguien de la Familia Trujillo o alguno de los muchos \u201camigos\u201d o \u201ccompadres\u201d que dej\u00f3 el Dictador se animaran a intentar trasladarlos a la Rep\u00fablica Dominicana.\u00a0 A m\u00ed, personalmente, me gustar\u00eda que los reubiquen en San Crist\u00f3bal, mi ciudad natal.\u00a0 No pretendo que sea en el s\u00f3tano de la Iglesia Parroquial, en donde Trujillo hizo construir un pante\u00f3n familiar destinado a \u00e9l y los\u00a0 miembros de su familia.\u00a0 Pero s\u00ed podr\u00eda ser a la entrada de la ciudad, en donde estaba ubicado el \u201cCaballo\u201d, aquella famosa estatua en la que el gobernante aparec\u00eda montado en un corcel. O tambi\u00e9n un buen lugar ser\u00eda el parque Piedras Vivas, en el mismo lugar donde estuvo su \u00a0residencia natal.<\/p>\n","protected":false},"excerpt":{"rendered":"<p>Para bien o mal, \u00e9l es el personaje que mayor impacto ha tenido en la historia de la Rep\u00fablica Dominicana. Su fantasma vive asechando a nuestra poblaci\u00f3n.( A pesar de que muri\u00f3 hace 54 a\u00f1os, sus m\u00e9todos de gobierno se Su obra de gobierno tiene, sin lugar a dudas, m\u00e1s luces que sombras.\u00a0 (Lamentablemente, no [&hellip;]<\/p>\n","protected":false},"author":8,"featured_media":10319,"comment_status":"open","ping_status":"open","sticky":false,"template":"","format":"standard","meta":{"footnotes":""},"categories":[82],"tags":[],"class_list":["post-10302","post","type-post","status-publish","format-standard","has-post-thumbnail","hentry","category-opinion"],"_links":{"self":[{"href":"https:\/\/2horizontes.com\/index.php?rest_route=\/wp\/v2\/posts\/10302","targetHints":{"allow":["GET"]}}],"collection":[{"href":"https:\/\/2horizontes.com\/index.php?rest_route=\/wp\/v2\/posts"}],"about":[{"href":"https:\/\/2horizontes.com\/index.php?rest_route=\/wp\/v2\/types\/post"}],"author":[{"embeddable":true,"href":"https:\/\/2horizontes.com\/index.php?rest_route=\/wp\/v2\/users\/8"}],"replies":[{"embeddable":true,"href":"https:\/\/2horizontes.com\/index.php?rest_route=%2Fwp%2Fv2%2Fcomments&post=10302"}],"version-history":[{"count":1,"href":"https:\/\/2horizontes.com\/index.php?rest_route=\/wp\/v2\/posts\/10302\/revisions"}],"predecessor-version":[{"id":10320,"href":"https:\/\/2horizontes.com\/index.php?rest_route=\/wp\/v2\/posts\/10302\/revisions\/10320"}],"wp:featuredmedia":[{"embeddable":true,"href":"https:\/\/2horizontes.com\/index.php?rest_route=\/wp\/v2\/media\/10319"}],"wp:attachment":[{"href":"https:\/\/2horizontes.com\/index.php?rest_route=%2Fwp%2Fv2%2Fmedia&parent=10302"}],"wp:term":[{"taxonomy":"category","embeddable":true,"href":"https:\/\/2horizontes.com\/index.php?rest_route=%2Fwp%2Fv2%2Fcategories&post=10302"},{"taxonomy":"post_tag","embeddable":true,"href":"https:\/\/2horizontes.com\/index.php?rest_route=%2Fwp%2Fv2%2Ftags&post=10302"}],"curies":[{"name":"wp","href":"https:\/\/api.w.org\/{rel}","templated":true}]}}