{"id":10286,"date":"2015-06-01T13:11:42","date_gmt":"2015-06-01T12:11:42","guid":{"rendered":"http:\/\/2horizontes.com\/?p=10286"},"modified":"2015-06-01T13:21:03","modified_gmt":"2015-06-01T12:21:03","slug":"venezuela-alertan-sobre-desplazamiento-de-colera-a-zonas-urbanas-de-haiti","status":"publish","type":"post","link":"https:\/\/2horizontes.com\/?p=10286","title":{"rendered":"Venezuela: Alertan sobre desplazamiento de c\u00f3lera a zonas urbanas de Hait\u00ed"},"content":{"rendered":"<p><b>Venezuela.-\u00a0<\/b>Seg\u00fan la OCHA, el desplazamiento de los casos plantea nuevas preocupaciones ante la llegada de la temporada de lluvias que tiende a incrementar esa infecci\u00f3n intestinal entre la poblaci\u00f3n<\/p>\n<p>La Oficina de Naciones Unidas para la Coordinaci\u00f3n de Asuntos Humanitarios (OCHA, por sus siglas en ingl\u00e9s) en Hait\u00ed, alert\u00f3 este s\u00e1bado que el c\u00f3lera se desplaza de las zonas rurales a las urbanas del pa\u00eds antillano.<\/p>\n<p>Seg\u00fan la OCHA, el desplazamiento de los casos plantea nuevas preocupaciones ante la llegada de la temporada de lluvias que tiende a incrementar esa infecci\u00f3n intestinal entre la poblaci\u00f3n, indica Prensa Latina.<\/p>\n<p>A pesar de los avances en el control de la enfermedad, los casos de c\u00f3lera aumentaron en esta capital durante los primeros cuatro meses de este a\u00f1o, respecto a 2014.<\/p>\n<p>En los primeros cuatro meses de este a\u00f1o se registraron 14.226 casos de c\u00f3lera y 121 decesos en el pa\u00eds antillano, representando un incremento de 306% en la morbilidad respecto a los mismos meses del a\u00f1o anterior.<\/p>\n<p>La epidemia de c\u00f3lera comenz\u00f3 en Hait\u00ed hace cuatro a\u00f1os en la localidad de Mirebalais, 57 kil\u00f3metros al noreste de esta capital, y ha ocasionado m\u00e1s de 8.700 muertos y 738.000 infectados.<\/p>\n<p>Seg\u00fan la OCHA el c\u00f3lera persiste por falta de sanidad, poco acceso al agua potable e insuficiente cloraci\u00f3n de la abastecida, deficiente sistema de coordinaci\u00f3n y el desplazamiento de personas.<\/p>\n","protected":false},"excerpt":{"rendered":"<p>Venezuela.-\u00a0Seg\u00fan la OCHA, el desplazamiento de los casos plantea nuevas preocupaciones ante la llegada de la temporada de lluvias que tiende a incrementar esa infecci\u00f3n intestinal entre la poblaci\u00f3n La Oficina de Naciones Unidas para la Coordinaci\u00f3n de Asuntos Humanitarios (OCHA, por sus siglas en ingl\u00e9s) en Hait\u00ed, alert\u00f3 este s\u00e1bado que el c\u00f3lera se [&hellip;]<\/p>\n","protected":false},"author":7,"featured_media":10295,"comment_status":"open","ping_status":"open","sticky":false,"template":"","format":"standard","meta":{"footnotes":""},"categories":[47,40,45,48],"tags":[],"class_list":["post-10286","post","type-post","status-publish","format-standard","has-post-thumbnail","hentry","category-haiti","category-internacionales","category-salud","category-venezuela"],"_links":{"self":[{"href":"https:\/\/2horizontes.com\/index.php?rest_route=\/wp\/v2\/posts\/10286","targetHints":{"allow":["GET"]}}],"collection":[{"href":"https:\/\/2horizontes.com\/index.php?rest_route=\/wp\/v2\/posts"}],"about":[{"href":"https:\/\/2horizontes.com\/index.php?rest_route=\/wp\/v2\/types\/post"}],"author":[{"embeddable":true,"href":"https:\/\/2horizontes.com\/index.php?rest_route=\/wp\/v2\/users\/7"}],"replies":[{"embeddable":true,"href":"https:\/\/2horizontes.com\/index.php?rest_route=%2Fwp%2Fv2%2Fcomments&post=10286"}],"version-history":[{"count":2,"href":"https:\/\/2horizontes.com\/index.php?rest_route=\/wp\/v2\/posts\/10286\/revisions"}],"predecessor-version":[{"id":10308,"href":"https:\/\/2horizontes.com\/index.php?rest_route=\/wp\/v2\/posts\/10286\/revisions\/10308"}],"wp:featuredmedia":[{"embeddable":true,"href":"https:\/\/2horizontes.com\/index.php?rest_route=\/wp\/v2\/media\/10295"}],"wp:attachment":[{"href":"https:\/\/2horizontes.com\/index.php?rest_route=%2Fwp%2Fv2%2Fmedia&parent=10286"}],"wp:term":[{"taxonomy":"category","embeddable":true,"href":"https:\/\/2horizontes.com\/index.php?rest_route=%2Fwp%2Fv2%2Fcategories&post=10286"},{"taxonomy":"post_tag","embeddable":true,"href":"https:\/\/2horizontes.com\/index.php?rest_route=%2Fwp%2Fv2%2Ftags&post=10286"}],"curies":[{"name":"wp","href":"https:\/\/api.w.org\/{rel}","templated":true}]}}