{"id":10283,"date":"2015-06-01T13:01:44","date_gmt":"2015-06-01T12:01:44","guid":{"rendered":"http:\/\/2horizontes.com\/?p=10283"},"modified":"2015-06-01T13:01:44","modified_gmt":"2015-06-01T12:01:44","slug":"entidades-anuncian-someteran-a-rd-ante-cidh","status":"publish","type":"post","link":"https:\/\/2horizontes.com\/?p=10283","title":{"rendered":"Entidades anuncian someter\u00e1n a RD ante CIDH"},"content":{"rendered":"<p>Hoy inicia\u00a0 el tramo final a la fecha fijada por las autoridades dominicanas para que los extranjeros residentes en el pa\u00eds de\u00a0 forma irregular se acojan al Plan Nacional de Regularizaci\u00f3n.<\/p>\n<p>Precisamente ayer dos organizaciones anunciaron que acudir\u00e1n la pr\u00f3xima semana por ante la Comisi\u00f3n Interamericana de los Derechos Humanos para\u00a0 solicitar medidas cautelares que obliguen a la Rep\u00fablica Dominicana entregar documentaci\u00f3n de manera oportuna\u00a0\u00a0 a m\u00e1s\u00a0 de dos mil trabajadores ca\u00f1eros e hijos de extranjeros nacidos en la Rep\u00fablica Dominicana,\u00a0 despu\u00e9s del 17 de junio.<\/p>\n<p>El Plan Nacional de Regularizaci\u00f3n tendr\u00e1 vigencia hasta el martes 17 de junio, y de acuerdo con las autoridades, no habr\u00e1 pr\u00f3rroga. El Estado dominicano ha invertido m\u00e1s de mil millones de pesos en el mismo para darle la oportunidad a extranjeros irregulares que viven en el pa\u00eds a regularizar su situaci\u00f3n. Es la primera vez que en el pa\u00eds se ejecuta un plan de esa naturaleza.<\/p>\n<p><strong>El reclamo<\/strong><br \/>\nEl abogado Genaro Rinc\u00f3n, representante del Movimiento Socio Cultural para los Trabajadores haitianos y de la Red de Encuentros Dominico-Haitianos,\u00a0 anunci\u00f3 adem\u00e1s que en la pr\u00f3xima semana\u00a0 interpondr\u00e1n un recurso ante el Tribunal Superior Administrativo en el pa\u00eds para que se garanticen los derechos sociales y civiles adquiridos por esos grupos.<\/p>\n<p>\u201cCon esto lo que procuramos es que la Rep\u00fablica Dominicana como signataria de tratados internacionales sobre derechos fundamentales de las personas cumpla con ellos y no haga deportaciones ilegales\u201d, proclam\u00f3.<\/p>\n<p>Genaro Rinc\u00f3n, al ser entrevistado por la periodista Johanna Parra, en el programa Detalle Semanal\u201d, dijo que esas medidas son tomadas porque ellos no tienen confianza en el gobierno dominicano.<\/p>\n<p>\u201cAdem\u00e1s de que el gobierno no tiene inter\u00e9s de que los inscritos en el plan puedan regularizarse porque a la fecha no le han confirmado el estatus a los que se inscribieron en \u00e9l\u201d, agreg\u00f3.<\/p>\n<p>El abogado dijo que no llegan a 50 los extranjeros\u00a0 de origen haitiano documentados en el plan.<\/p>\n","protected":false},"excerpt":{"rendered":"<p>Hoy inicia\u00a0 el tramo final a la fecha fijada por las autoridades dominicanas para que los extranjeros residentes en el pa\u00eds de\u00a0 forma irregular se acojan al Plan Nacional de Regularizaci\u00f3n. Precisamente ayer dos organizaciones anunciaron que acudir\u00e1n la pr\u00f3xima semana por ante la Comisi\u00f3n Interamericana de los Derechos Humanos para\u00a0 solicitar medidas cautelares que [&hellip;]<\/p>\n","protected":false},"author":8,"featured_media":10287,"comment_status":"open","ping_status":"open","sticky":false,"template":"","format":"standard","meta":{"footnotes":""},"categories":[44],"tags":[],"class_list":["post-10283","post","type-post","status-publish","format-standard","has-post-thumbnail","hentry","category-republica-dominicana"],"_links":{"self":[{"href":"https:\/\/2horizontes.com\/index.php?rest_route=\/wp\/v2\/posts\/10283","targetHints":{"allow":["GET"]}}],"collection":[{"href":"https:\/\/2horizontes.com\/index.php?rest_route=\/wp\/v2\/posts"}],"about":[{"href":"https:\/\/2horizontes.com\/index.php?rest_route=\/wp\/v2\/types\/post"}],"author":[{"embeddable":true,"href":"https:\/\/2horizontes.com\/index.php?rest_route=\/wp\/v2\/users\/8"}],"replies":[{"embeddable":true,"href":"https:\/\/2horizontes.com\/index.php?rest_route=%2Fwp%2Fv2%2Fcomments&post=10283"}],"version-history":[{"count":1,"href":"https:\/\/2horizontes.com\/index.php?rest_route=\/wp\/v2\/posts\/10283\/revisions"}],"predecessor-version":[{"id":10288,"href":"https:\/\/2horizontes.com\/index.php?rest_route=\/wp\/v2\/posts\/10283\/revisions\/10288"}],"wp:featuredmedia":[{"embeddable":true,"href":"https:\/\/2horizontes.com\/index.php?rest_route=\/wp\/v2\/media\/10287"}],"wp:attachment":[{"href":"https:\/\/2horizontes.com\/index.php?rest_route=%2Fwp%2Fv2%2Fmedia&parent=10283"}],"wp:term":[{"taxonomy":"category","embeddable":true,"href":"https:\/\/2horizontes.com\/index.php?rest_route=%2Fwp%2Fv2%2Fcategories&post=10283"},{"taxonomy":"post_tag","embeddable":true,"href":"https:\/\/2horizontes.com\/index.php?rest_route=%2Fwp%2Fv2%2Ftags&post=10283"}],"curies":[{"name":"wp","href":"https:\/\/api.w.org\/{rel}","templated":true}]}}