{"id":10261,"date":"2015-06-01T12:35:22","date_gmt":"2015-06-01T11:35:22","guid":{"rendered":"http:\/\/2horizontes.com\/?p=10261"},"modified":"2015-06-01T12:35:22","modified_gmt":"2015-06-01T11:35:22","slug":"el-tabaquismo-provoca-en-cuba-unas-36-muertes-cada-dia","status":"publish","type":"post","link":"https:\/\/2horizontes.com\/?p=10261","title":{"rendered":"El tabaquismo provoca en Cuba unas 36 muertes cada d\u00eda"},"content":{"rendered":"<div id=\"ArticleAuthorDiv\" class=\"article-body-author\"><b>EFE<\/b><\/div>\n<div id=\"ArticleSourceDiv\" class=\"article-body-author\"><b>La Habana<\/b><\/div>\n<div id=\"ArticleBody\">\n<p>El tabaquismo es la enfermedad no gen\u00e9tica que m\u00e1s afecta la esperanza de vida de los cubanos, y cada d\u00eda fallecen como promedio en el pa\u00eds 36 personas a causa de padecimientos provocados por esa adicci\u00f3n, contra la cual medios oficiales de la isla llaman hoy a \u00abtomar conciencia\u00bb.<\/p>\n<p>\u00abFumar deviene de una decisi\u00f3n personal; sin embargo, es importante que quienes tienen ese nocivo vicio tomen conciencia de que su decisi\u00f3n afecta tanto la salud de personas que no lo hacen, como la econom\u00eda de su pa\u00eds\u00bb, se\u00f1ala la estatal Agencia de Informaci\u00f3n Nacional (AIN).<\/p>\n<p>En Cuba ocurren m\u00e1s de 13.000 muertes por a\u00f1o atribuibles al consumo de tabaco, fallecen 2 personas cada hora por ese motivo y otras 2 cada 12 horas por exposici\u00f3n al humo de tabaco ajeno, resultados que justifican el objetivo de hacer m\u00e1s efectiva la prevenci\u00f3n y control del tabaquismo, resalt\u00f3 la epidemi\u00f3loga Patricia Varona, citada por ese medio local.<\/p>\n<p>La especialista del Instituto Nacional de Higiene, Epidemiolog\u00eda y Microbiolog\u00eda precis\u00f3 que en la regi\u00f3n de las Am\u00e9ricas, Cuba es el pa\u00eds donde m\u00e1s se expone a los ni\u00f1os en el hogar al humo del tabaco ajeno.<\/p>\n<p>Una Encuesta de Factores de Riesgo realizada por el Ministerio de Salud P\u00fablica (Minsap), aplicada a m\u00e1s de 9 millones de cubanos, arroj\u00f3 que el 24 por ciento de la poblaci\u00f3n de 15 a\u00f1os y m\u00e1s fuma \u00abactivamente\u00bb, es decir, una de cada cuatro personas, y m\u00e1s del 50 por ciento est\u00e1 expuesta al humo del tabaco ya sea en el hogar, en el trabajo o en los lugares p\u00fablicos, indic\u00f3.<\/p>\n<p>La coordinadora del Grupo Especial de Trabajo de C\u00e1ncer de Pulm\u00f3n del Minsap tambi\u00e9n explic\u00f3 que esa indagaci\u00f3n demostr\u00f3 que entre las mujeres el 16 por ciento fuma, mientras entre los hombres lo hace el 21 por ciento.<\/p>\n<p>Ante tal situaci\u00f3n, con ocasi\u00f3n del D\u00eda Mundial sin Fumar, fijado para cada 31 de mayo, las autoridades sanitarias de la isla insisten en se\u00f1alar que el tabaquismo es una causa de muerte que se puede prevenir y advierten que cobra un precio por enfermedad, discapacidad, da\u00f1os psicol\u00f3gicos, adem\u00e1s de suponer una carga econ\u00f3mica para los ingresos individuales y familiares.<\/p>\n<\/div>\n","protected":false},"excerpt":{"rendered":"<p>EFE La Habana El tabaquismo es la enfermedad no gen\u00e9tica que m\u00e1s afecta la esperanza de vida de los cubanos, y cada d\u00eda fallecen como promedio en el pa\u00eds 36 personas a causa de padecimientos provocados por esa adicci\u00f3n, contra la cual medios oficiales de la isla llaman hoy a \u00abtomar conciencia\u00bb. \u00abFumar deviene de [&hellip;]<\/p>\n","protected":false},"author":7,"featured_media":10263,"comment_status":"open","ping_status":"open","sticky":false,"template":"","format":"standard","meta":{"footnotes":""},"categories":[49,40,45],"tags":[],"class_list":["post-10261","post","type-post","status-publish","format-standard","has-post-thumbnail","hentry","category-cuba","category-internacionales","category-salud"],"_links":{"self":[{"href":"https:\/\/2horizontes.com\/index.php?rest_route=\/wp\/v2\/posts\/10261","targetHints":{"allow":["GET"]}}],"collection":[{"href":"https:\/\/2horizontes.com\/index.php?rest_route=\/wp\/v2\/posts"}],"about":[{"href":"https:\/\/2horizontes.com\/index.php?rest_route=\/wp\/v2\/types\/post"}],"author":[{"embeddable":true,"href":"https:\/\/2horizontes.com\/index.php?rest_route=\/wp\/v2\/users\/7"}],"replies":[{"embeddable":true,"href":"https:\/\/2horizontes.com\/index.php?rest_route=%2Fwp%2Fv2%2Fcomments&post=10261"}],"version-history":[{"count":1,"href":"https:\/\/2horizontes.com\/index.php?rest_route=\/wp\/v2\/posts\/10261\/revisions"}],"predecessor-version":[{"id":10264,"href":"https:\/\/2horizontes.com\/index.php?rest_route=\/wp\/v2\/posts\/10261\/revisions\/10264"}],"wp:featuredmedia":[{"embeddable":true,"href":"https:\/\/2horizontes.com\/index.php?rest_route=\/wp\/v2\/media\/10263"}],"wp:attachment":[{"href":"https:\/\/2horizontes.com\/index.php?rest_route=%2Fwp%2Fv2%2Fmedia&parent=10261"}],"wp:term":[{"taxonomy":"category","embeddable":true,"href":"https:\/\/2horizontes.com\/index.php?rest_route=%2Fwp%2Fv2%2Fcategories&post=10261"},{"taxonomy":"post_tag","embeddable":true,"href":"https:\/\/2horizontes.com\/index.php?rest_route=%2Fwp%2Fv2%2Ftags&post=10261"}],"curies":[{"name":"wp","href":"https:\/\/api.w.org\/{rel}","templated":true}]}}