{"id":10253,"date":"2015-06-01T12:25:26","date_gmt":"2015-06-01T11:25:26","guid":{"rendered":"http:\/\/2horizontes.com\/?p=10253"},"modified":"2015-06-01T12:37:27","modified_gmt":"2015-06-01T11:37:27","slug":"cabello-informa-que-demandara-2-diarios","status":"publish","type":"post","link":"https:\/\/2horizontes.com\/?p=10253","title":{"rendered":"Cabello informa que demandar\u00e1 2 diarios"},"content":{"rendered":"<div id=\"ArticleAuthorDiv\" class=\"article-body-author\"><b>EFE<\/b><\/div>\n<div id=\"ArticleSourceDiv\" class=\"article-body-author\"><b>Caracas<\/b><\/div>\n<div id=\"ArticleBody\">\n<p>El presidente del Parlamento venezolano, el oficialista Diosdado Cabello, anunci\u00f3 ayer que demandar\u00e1 al diario espa\u00f1ol ABC y al estadounidense The Wall Street Journal por difundir informaciones que lo se\u00f1alan, \u00absin presentar pruebas\u00bb, por supuestos v\u00ednculos con el narcotr\u00e1fico y el blanqueo de capitales.<\/p>\n<p>\u00abYo he demandado aqu\u00ed en Venezuela, pero tambi\u00e9n voy a demandar en Espa\u00f1a, y tambi\u00e9n voy a demandar en EE.UU.\u00bb, asegur\u00f3 Cabello en una entrevista con el canal venezolano Televen.<\/p>\n<p>El pasado 27 de enero, el diario ABC de Espa\u00f1a public\u00f3 una informaci\u00f3n que aseguraba que Cabello estar\u00eda siendo investigado por la fiscal\u00eda federal del Distrito Sur de Nueva York por sus supuestos v\u00ednculos con el Cartel de los Soles.<\/p>\n<p>Un mes despu\u00e9s, Cabello inici\u00f3 procedimientos administrativos y penales contra los medios venezolanos El Nacional, Tal Cual y La Patilla por reproducir esa informaci\u00f3n.<\/p>\n<p>Las acusaciones contra el parlamentario se intensificaron el pasado 18 de mayo cuando el diario The Wall Street Journal asegur\u00f3 que la Justicia estadounidense lleva a\u00f1os investigando a Cabello y a otros altos funcionarios venezolanos por blanqueo de dinero y narcotr\u00e1fico.<\/p>\n<p>\u00abEn algunos pa\u00edses, en Espa\u00f1a, no puede ser que la prensa haga esto, que descalifique esto sin presentar ning\u00fan tipo de pruebas. \u00bfEn EE.UU. eso puede ocurrir? Yo no creo que un pa\u00eds en aras de lo que ellos llaman &#8216;libertad de expresi\u00f3n&#8217; pueda descalificarse a alguien o inventarle calumnias de esa naturaleza y que no pase nada\u00bb, asever\u00f3.<\/p>\n<p>El tambi\u00e9n vicepresidente del gobernante Partido Socialista Unido de Venezuela (PSUV) afirm\u00f3 que tom\u00f3 una \u00abdecisi\u00f3n bien pensada\u00bb al demandar a los medios venezolanos que reprodujeron esas informaciones.<\/p>\n<p>\u00abEste se\u00f1or del ABC, que yo creo que debe ser amigo de los de aqu\u00ed de Venezuela, que los ayude, porque los meti\u00f3 en tremendo rollo (problema) y \u00e9l est\u00e1 metido tambi\u00e9n en tremendo rollo, porque yo voy a demandarlo all\u00e1 en Espa\u00f1a y veremos qu\u00e9 ocurre pues\u00bb, dijo.<\/p>\n<p>El diputado indico que est\u00e1 \u00aben la obligaci\u00f3n moral\u00bb de demandar ya que, en caso de \u00abvencer a la mentira medi\u00e1tica\u00bb, estar\u00e1 \u00abdando un paso para adecentar algo que han usado muchos solo para vivir del poder\u00bb.<\/p>\n<p>Con una demanda civil y otra penal, Cabello solicit\u00f3 no solo la prohibici\u00f3n de salida del pa\u00eds de los propietarios y directores de estos tres medios venezolanos, sino tambi\u00e9n \u00abla prohibici\u00f3n de gravar (hipotecar), enajenar, y vender\u00bb sus bienes.<\/p>\n<p>El tambi\u00e9n estadounidense The New York Times por su parte, afirm\u00f3 el pasado 20 de mayo, citando a funcionarios \u00abencargados de hacer cumplir la ley\u00bb que no identifica, que las pesquisas sobre Cabello y otros altos cargos est\u00e1n dirigidas por la DEA, la agencia antidrogas estadounidense, y que son parte de una \u00abinvestigaci\u00f3n m\u00e1s amplia\u00bb sobre narcotr\u00e1fico \u00a0\u00a0\u00a0\u00a0\u00a0\u00a0\u00a0\u00a0\u00a0\u00a0\u00a0\u00a0\u00a0\u00a0\u00a0\u00a0 \u00a0\u00a0\u00a0Desde hace una semana, el chavismo cerr\u00f3 filas y ha emprendido una batalla para defender a Cabello, con un respaldo un\u00e1nime y sin fisuras.<\/p>\n<p>Esta nueva campa\u00f1a del oficialismo para apoyar a uno de sus hombres fuertes moviliz\u00f3 a las bases del PSUV, a las instituciones del Estado y a figuras del Gobierno del presidente venezolano, Nicol\u00e1s Maduro, que hicieron suyos los ataques contra Cabello.<\/p>\n<\/div>\n","protected":false},"excerpt":{"rendered":"<p>EFE Caracas El presidente del Parlamento venezolano, el oficialista Diosdado Cabello, anunci\u00f3 ayer que demandar\u00e1 al diario espa\u00f1ol ABC y al estadounidense The Wall Street Journal por difundir informaciones que lo se\u00f1alan, \u00absin presentar pruebas\u00bb, por supuestos v\u00ednculos con el narcotr\u00e1fico y el blanqueo de capitales. \u00abYo he demandado aqu\u00ed en Venezuela, pero tambi\u00e9n voy [&hellip;]<\/p>\n","protected":false},"author":7,"featured_media":10254,"comment_status":"open","ping_status":"open","sticky":false,"template":"","format":"standard","meta":{"footnotes":""},"categories":[40,43,48],"tags":[],"class_list":["post-10253","post","type-post","status-publish","format-standard","has-post-thumbnail","hentry","category-internacionales","category-politica","category-venezuela"],"_links":{"self":[{"href":"https:\/\/2horizontes.com\/index.php?rest_route=\/wp\/v2\/posts\/10253","targetHints":{"allow":["GET"]}}],"collection":[{"href":"https:\/\/2horizontes.com\/index.php?rest_route=\/wp\/v2\/posts"}],"about":[{"href":"https:\/\/2horizontes.com\/index.php?rest_route=\/wp\/v2\/types\/post"}],"author":[{"embeddable":true,"href":"https:\/\/2horizontes.com\/index.php?rest_route=\/wp\/v2\/users\/7"}],"replies":[{"embeddable":true,"href":"https:\/\/2horizontes.com\/index.php?rest_route=%2Fwp%2Fv2%2Fcomments&post=10253"}],"version-history":[{"count":1,"href":"https:\/\/2horizontes.com\/index.php?rest_route=\/wp\/v2\/posts\/10253\/revisions"}],"predecessor-version":[{"id":10255,"href":"https:\/\/2horizontes.com\/index.php?rest_route=\/wp\/v2\/posts\/10253\/revisions\/10255"}],"wp:featuredmedia":[{"embeddable":true,"href":"https:\/\/2horizontes.com\/index.php?rest_route=\/wp\/v2\/media\/10254"}],"wp:attachment":[{"href":"https:\/\/2horizontes.com\/index.php?rest_route=%2Fwp%2Fv2%2Fmedia&parent=10253"}],"wp:term":[{"taxonomy":"category","embeddable":true,"href":"https:\/\/2horizontes.com\/index.php?rest_route=%2Fwp%2Fv2%2Fcategories&post=10253"},{"taxonomy":"post_tag","embeddable":true,"href":"https:\/\/2horizontes.com\/index.php?rest_route=%2Fwp%2Fv2%2Ftags&post=10253"}],"curies":[{"name":"wp","href":"https:\/\/api.w.org\/{rel}","templated":true}]}}