{"id":1021,"date":"2014-05-24T15:57:59","date_gmt":"2014-05-24T15:57:59","guid":{"rendered":"http:\/\/2horizontes.com\/?p=1021"},"modified":"2014-05-24T15:59:03","modified_gmt":"2014-05-24T15:59:03","slug":"dominicana-candidata-a-diputada-en-las-elecciones-europeas-en-belgica","status":"publish","type":"post","link":"https:\/\/2horizontes.com\/?p=1021","title":{"rendered":"Dominicana candidata a diputada en las Elecciones Europeas en B\u00e9lgica"},"content":{"rendered":"<p><a href=\"http:\/\/2horizontes.com\/wp-content\/uploads\/2014\/05\/ana-elvira.jpg\"><img loading=\"lazy\" decoding=\"async\" src=\"http:\/\/2horizontes.com\/wp-content\/uploads\/2014\/05\/ana-elvira-213x300.jpg\" alt=\"ana-elvira\" width=\"213\" height=\"300\" class=\"alignleft size-medium wp-image-1022\" srcset=\"https:\/\/2horizontes.com\/wp-content\/uploads\/2014\/05\/ana-elvira-213x300.jpg 213w, https:\/\/2horizontes.com\/wp-content\/uploads\/2014\/05\/ana-elvira.jpg 1264w\" sizes=\"auto, (max-width: 213px) 100vw, 213px\" \/><\/a><br \/>\nPor Antonio G\u00f3mez.<br \/>\nBienvenidos amigas y amigos, hoy estamos a menos de 24 horas de las elecciones al parlamento Europeo, elecciones que est\u00e1n muy marcadas por el crecimiento de los euroescepticos  y xen\u00f3fobos.<\/p>\n<p>Quiero motivar a todos los dominicanos que residen en Europa, o que tengan familiares que vivan en Europa, compartir la siguiente informaci\u00f3n que es de sumo inter\u00e9s para los Dominicanos.<\/p>\n<p>Nuestra amiga y paisana Ana Elvira Pascual Vicioso, se presenta a diputada en B\u00e9lgica por el Partido Francophone CDH (Centro Dem\u00f3crata Humanista).<\/p>\n<p>Los Dominicanos debemos sentirnos orgullosos, ya que es la primera candidata al Parlamento Europeo de Origen Dominicano, y que es un ejemplo de integraci\u00f3n a seguir.<\/p>\n<p>Querida Ana, te deseo el mejor de los \u00e9xitos ma\u00f1ana, haremos todo lo que esta a nuestro alcance para difundir y motivar a que te voten.<\/p>\n<p>Les dejo el mensaje de Ana Elvira:<\/p>\n<p>Queridos amigos:<\/p>\n<p>El 25 de mayo es el d\u00eda en que su opini\u00f3n sobre la B\u00e9lgica de ma\u00f1ana ser\u00e1 escuchada y el d\u00eda en que su voz puede hacer la diferencia.<\/p>\n<p>Es en esta \u00faltima l\u00ednea de llegada que todo se juega y que su voto revela una importancia capital, yo pienso sinceramente que, como lo dice la devisa nacional Belga, la uni\u00f3n hace la fuerza!<\/p>\n<p>Presidenta de la asociaci\u00f3n humanitaria AYACAM y enfermera de formaci\u00f3n: Desde muy peque\u00f1a yo he tenido la necesidad de ayudar a las personas que sufren. Yo me siento totalmente en acuerdo con las ideas humanistas de mi partido el CDH.<\/p>\n<p>Necesito su apoyo para aportar un poco mas de humanismo al pa\u00eds en el que vivimos. Cada uno de nosotros debe hacer lo posible para construir un mundo mejor, y darles a los que necesitan, los medios para salir adelante.<\/p>\n<p>Sin ustedes no podr\u00e1 ser posible, entonces les pido que me ayuden a compartir este mensaje con todos sus amigos y votar por m\u00ed este domingo 25 de mayo 2014.<\/p>\n<p>Juntos todo es posible, nosotros somos la soluci\u00f3n!<\/p>\n<p>Gracias por su apoyo<\/p>\n<p>Ana Elvira Pascual Vicioso<br \/>\n52e \u00e0 la Regi\u00f3n \u2013 Liste 14 \u2013 CDH<\/p>\n<p>\u2014\u2014\u2014\u2014\u2014\u2014\u2014\u2014\u2014\u2014\u2014\u2014\u2014\u2014\u2014\u2014\u2014\u2014\u2014\u2014\u2014\u2014<\/p>\n<p>Chers amis,<\/p>\n<p>Le dimanche 25 mai est LE jour o\u00f9 votre opinion sur la Belgique de demain est \u00e9cout\u00e9e et LE jour o\u00f9 votre voix peut faire la diff\u00e9rence. C\u2019est sur cette derni\u00e8re ligne droite que tout se joue et que votre vote rev\u00eat une importance capitale car je pense sinc\u00e8rement que, comme le dit la devise nationale belge, l\u2019Union fait la Force!<\/p>\n<p>Pr\u00e9sidente de l\u2019association humanitaire AYACAM et Infirmi\u00e8re de formation :<br \/>\nDepuis ma plus tendre enfance, j\u2019ai eu ce besoin d\u2019aider les personnes en souffrance. Je me sens totalement en phase avec les id\u00e9es Humanistes.<\/p>\n<p>J\u2019ai besoin de votre soutien pour apporter un peu plus d\u2019Humanisme \u00e0 notre pays. Chacun de nous doit faire son possible pour rendre le monde meilleur, et donner \u00e0 ceux qui sont dans le besoin, les moyens de s\u2019en sortir. Sans vous je ne peux y arriver alors je vous demande de vous mobiliser en partageant ce message avec tous vos amis et de voter pour moi ce dimanche 25 mai 2014.<\/p>\n<p>Ensemble tout est possible, nous sommes tous la solution.<\/p>\n<p>Merci pour votre soutien.<\/p>\n<p>Ana Elvira Pascual Vicioso<br \/>\n52e \u00e0 la R\u00e8gion \u2013 Liste 14 \u2013 CDH<\/p>\n<p>Fuente: Tomado del Blog http:\/\/gomezant.wordpress.com <\/p>\n","protected":false},"excerpt":{"rendered":"<p>Por Antonio G\u00f3mez. Bienvenidos amigas y amigos, hoy estamos a menos de 24 horas de las elecciones al parlamento Europeo, elecciones que est\u00e1n muy marcadas por el crecimiento de los euroescepticos y xen\u00f3fobos. Quiero motivar a todos los dominicanos que residen en Europa, o que tengan familiares que vivan en Europa, compartir la siguiente informaci\u00f3n [&hellip;]<\/p>\n","protected":false},"author":1,"featured_media":0,"comment_status":"open","ping_status":"open","sticky":false,"template":"","format":"standard","meta":{"footnotes":""},"categories":[1],"tags":[],"class_list":["post-1021","post","type-post","status-publish","format-standard","hentry","category-entretenimiento"],"_links":{"self":[{"href":"https:\/\/2horizontes.com\/index.php?rest_route=\/wp\/v2\/posts\/1021","targetHints":{"allow":["GET"]}}],"collection":[{"href":"https:\/\/2horizontes.com\/index.php?rest_route=\/wp\/v2\/posts"}],"about":[{"href":"https:\/\/2horizontes.com\/index.php?rest_route=\/wp\/v2\/types\/post"}],"author":[{"embeddable":true,"href":"https:\/\/2horizontes.com\/index.php?rest_route=\/wp\/v2\/users\/1"}],"replies":[{"embeddable":true,"href":"https:\/\/2horizontes.com\/index.php?rest_route=%2Fwp%2Fv2%2Fcomments&post=1021"}],"version-history":[{"count":2,"href":"https:\/\/2horizontes.com\/index.php?rest_route=\/wp\/v2\/posts\/1021\/revisions"}],"predecessor-version":[{"id":1024,"href":"https:\/\/2horizontes.com\/index.php?rest_route=\/wp\/v2\/posts\/1021\/revisions\/1024"}],"wp:attachment":[{"href":"https:\/\/2horizontes.com\/index.php?rest_route=%2Fwp%2Fv2%2Fmedia&parent=1021"}],"wp:term":[{"taxonomy":"category","embeddable":true,"href":"https:\/\/2horizontes.com\/index.php?rest_route=%2Fwp%2Fv2%2Fcategories&post=1021"},{"taxonomy":"post_tag","embeddable":true,"href":"https:\/\/2horizontes.com\/index.php?rest_route=%2Fwp%2Fv2%2Ftags&post=1021"}],"curies":[{"name":"wp","href":"https:\/\/api.w.org\/{rel}","templated":true}]}}