{"id":10186,"date":"2015-06-01T10:46:14","date_gmt":"2015-06-01T09:46:14","guid":{"rendered":"http:\/\/2horizontes.com\/?p=10186"},"modified":"2015-06-01T10:46:14","modified_gmt":"2015-06-01T09:46:14","slug":"en-problemas-con-la-justicia-por-tomarse-un-selfie-en-el-teleferico-de-la-paz","status":"publish","type":"post","link":"https:\/\/2horizontes.com\/?p=10186","title":{"rendered":"En problemas con la Justicia por tomarse un selfie en el telef\u00e9rico de La Paz"},"content":{"rendered":"<p class=\"story-body__introduction\">Un joven boliviano s\u00f3lo quer\u00eda compartir con sus amigos su entusiasmo por subir por primera vez a bordo del flamante telef\u00e9rico de La Paz. Pero sus \u00abselfies\u00bb se hicieron m\u00e1s populares de lo que esperaba: provocaron que las autoridades iniciaran un proceso judicial en su contra.<\/p>\n<p>Dieter C. C., un hombre de 23 a\u00f1os de la ciudad de Cochabamba, tuvo que declarar esta semana en la Fuerza Especial de Lucha Contra el Crimen por una querella interpuesta por la empresa responsable del telef\u00e9rico de La Paz por \u00abuso indebido de la propiedad p\u00fablica\u00bb.<\/p>\n<p>Le acusan de haberse parado sobre los asientos de una de las cabinas, algo prohibido por el reglamento del telef\u00e9rico de La Paz, una gran obra de infraestructura que pronto contar\u00e1 con su cuarta l\u00ednea.<\/p>\n<p>\u00abNo quer\u00eda irme sin conocer el telef\u00e9rico porque dec\u00edan que estaba muy bonito, fui y me sub\u00ed a (una cabina de la L\u00ednea Roja) rumbo a El Alto, e inconscientemente me sub\u00ed a los asientos y me saque unas fotos, no ten\u00eda intenci\u00f3n de da\u00f1ar nada\u00bb, dijo a los medios locales.<\/p>\n<p>Dieter subi\u00f3 sus fotos a Facebook en octubre de 2014, pero pronto dieron la vuelta por todo el pa\u00eds.<\/p>\n<p>Vea: El telef\u00e9rico que uni\u00f3 dos mundos<\/p>\n<p>\u00abUnos d\u00edas despu\u00e9s vi mis fotos en la televisi\u00f3n, y a partir de ah\u00ed empec\u00e9 a recibir amenazas, insultos y hasta cerraron mi cuenta, porque ya no pude entrar m\u00e1s. Cre\u00ed que todo terminar\u00eda ah\u00ed, nunca me imagin\u00e9 que llegar\u00eda hasta la Polic\u00eda\u00bb, cont\u00f3 el joven.<\/p>\n<p>Seg\u00fan le dijeron a BBC Mundo responsables de Mi Telef\u00e9rico, la empresa gerente del medio de transporte, el problema no son las fotos del joven, sino que las tom\u00f3 \u00abhaciendo un uso indebido de la cabina\u00bb.<\/p>\n<figure class=\"media-landscape body-narrow-width has-caption\"><img loading=\"lazy\" decoding=\"async\" class=\"js-image-replace\" src=\"http:\/\/ichef.bbci.co.uk\/news\/ws\/304\/amz\/worldservice\/live\/assets\/images\/2015\/05\/29\/150529232856_sp_teleferico_bolivia_304x171_ap.jpg\" alt=\"Telef\u00e9rico de La Paz\" width=\"304\" height=\"171\" \/><figcaption class=\"media-caption\"><span class=\"media-caption__text\">Miles de personas usan cada d\u00eda el telef\u00e9rico para viajar entre La Paz y El Alto.<\/span><\/figcaption><\/figure>\n<p>\u00abViajaba solo en la cabina, se tom\u00f3 fotos parado sobre la banqueta, en otra foto est\u00e1 con los pies en otras banquetas, lo que genera un balanceo en el aire de las cabinas. No es que afecte en s\u00ed la seguridad, pero es un tema de educaci\u00f3n ciudadana, no est\u00e1 correcto\u00bb, explicaron.<\/p>\n<p>\u00abHan mostrado sus fotos en la televisi\u00f3n como si fuera un delincuente\u00bb, dijo la abogada del joven, Helen Chambi.<\/p>\n<p>\u00ab\u00c9l tiene toda la predisposici\u00f3n de arreglar esto y pedir disculpas p\u00fablicamente. A veces ignoramos la norma y \u00e9l puede ser un ejemplo para los j\u00f3venes que por desconocimiento cometen este tipo de errores\u00bb, sostuvo.<\/p>\n<p>Las autoridades aseguran que gracias a los selfies colgados en redes sociales est\u00e1n encontrando a otros infractores contra los que esperan iniciar acciones judiciales.<\/p>\n<p>\u00abHay gente que se puso a tomar bebidas alcoh\u00f3licas y tomarse fotos con ellas, incluso los hubo que teniendo relaciones sexuales en una cabina grabaron un video que luego se subi\u00f3 a las redes\u00bb, se\u00f1alan.<\/p>\n<p>\u00abSon peque\u00f1as an\u00e9cdotas, en general en el 99% de los casos se hace un uso correcto. Estamos sentando un precedente y llamando la atenci\u00f3n a los usuarios de que si bien es un transporte social, hay normas que debemos cumplir y hay normas o usos indebidos que vamos a penalizar\u00bb, dijeron desde la empresa.<\/p>\n<p>Recientemente, una cantante peruana tuvo que pedir disculpas p\u00fablicas por haber grabado el videoclip de una de sus canciones en el telef\u00e9rico sin haber pedido los permisos correspondientes.<\/p>\n<p>El telef\u00e9rico de La Paz, inaugurado en mayo de 2014 a un costo de casi US$235 millones, y que espera contar con otras seis l\u00edneas pr\u00f3ximamente, ha reducido significativamente el tiempo de viaje entre La Paz y El Alto.<\/p>\n<p>Pronto se ha convertido en uno de los medios de transporte m\u00e1s populares de la ciudad sede del gobierno y en s\u00edmbolo del desarrollo econ\u00f3mico.<\/p>\n<p>Tanto que todos quieren presumir de subir en \u00e9l. Aunque a algunos presumir de \u00e9l en sus selfies puede acabar sali\u00e9ndoles caro.<\/p>\n","protected":false},"excerpt":{"rendered":"<p>Un joven boliviano s\u00f3lo quer\u00eda compartir con sus amigos su entusiasmo por subir por primera vez a bordo del flamante telef\u00e9rico de La Paz. Pero sus \u00abselfies\u00bb se hicieron m\u00e1s populares de lo que esperaba: provocaron que las autoridades iniciaran un proceso judicial en su contra. Dieter C. C., un hombre de 23 a\u00f1os de [&hellip;]<\/p>\n","protected":false},"author":4,"featured_media":10189,"comment_status":"open","ping_status":"open","sticky":false,"template":"","format":"standard","meta":{"footnotes":""},"categories":[40],"tags":[],"class_list":["post-10186","post","type-post","status-publish","format-standard","has-post-thumbnail","hentry","category-internacionales"],"_links":{"self":[{"href":"https:\/\/2horizontes.com\/index.php?rest_route=\/wp\/v2\/posts\/10186","targetHints":{"allow":["GET"]}}],"collection":[{"href":"https:\/\/2horizontes.com\/index.php?rest_route=\/wp\/v2\/posts"}],"about":[{"href":"https:\/\/2horizontes.com\/index.php?rest_route=\/wp\/v2\/types\/post"}],"author":[{"embeddable":true,"href":"https:\/\/2horizontes.com\/index.php?rest_route=\/wp\/v2\/users\/4"}],"replies":[{"embeddable":true,"href":"https:\/\/2horizontes.com\/index.php?rest_route=%2Fwp%2Fv2%2Fcomments&post=10186"}],"version-history":[{"count":1,"href":"https:\/\/2horizontes.com\/index.php?rest_route=\/wp\/v2\/posts\/10186\/revisions"}],"predecessor-version":[{"id":10190,"href":"https:\/\/2horizontes.com\/index.php?rest_route=\/wp\/v2\/posts\/10186\/revisions\/10190"}],"wp:featuredmedia":[{"embeddable":true,"href":"https:\/\/2horizontes.com\/index.php?rest_route=\/wp\/v2\/media\/10189"}],"wp:attachment":[{"href":"https:\/\/2horizontes.com\/index.php?rest_route=%2Fwp%2Fv2%2Fmedia&parent=10186"}],"wp:term":[{"taxonomy":"category","embeddable":true,"href":"https:\/\/2horizontes.com\/index.php?rest_route=%2Fwp%2Fv2%2Fcategories&post=10186"},{"taxonomy":"post_tag","embeddable":true,"href":"https:\/\/2horizontes.com\/index.php?rest_route=%2Fwp%2Fv2%2Ftags&post=10186"}],"curies":[{"name":"wp","href":"https:\/\/api.w.org\/{rel}","templated":true}]}}