{"id":10180,"date":"2015-06-01T10:37:50","date_gmt":"2015-06-01T09:37:50","guid":{"rendered":"http:\/\/2horizontes.com\/?p=10180"},"modified":"2015-06-01T10:37:50","modified_gmt":"2015-06-01T09:37:50","slug":"colombia-extradita-a-venezuela-a-presunto-homicida-de-exdiputado-chavista","status":"publish","type":"post","link":"https:\/\/2horizontes.com\/?p=10180","title":{"rendered":"Colombia extradita a Venezuela a presunto homicida de exdiputado chavista"},"content":{"rendered":"<p class=\"story-body__introduction\">Autoridades venezolanas anunciaron este s\u00e1bado la extradici\u00f3n desde Colombia del presunto homicida del exdiputado chavista Robert Serra, abatido en octubre pasado en un atentado en su casa en Caracas.<\/p>\n<p>Leiver Padilla, alias \u00abEl Colombia\u00bb, es acusado por la justicia venezolana de ser el autor material de la muerte de Serra y una mujer que lo acompa\u00f1aba, Mar\u00eda Herrera.<\/p>\n<p>\u00abAcaba de aterrizar la comisi\u00f3n judicial que trajo al pa\u00eds al jefe de la banda paramilitar que asesin\u00f3 por encargo a Robert Serra: Justicia. Agradezco a las instituciones Colombianas. A los terroristas y asesinos que atacan nuestra Patria los buscaremos hasta debajo de la tierra\u201d, escribi\u00f3 el presidente, Nicol\u00e1s Maduro, en su cuenta de Twitter.<\/p>\n<p>El oficialismo venezolano atribuy\u00f3 la muerte de Serra a un atentado de bandas paramilitares de derecha colombianas que, seg\u00fan dicen, operan en el pa\u00eds como parte de una conspiraci\u00f3n internacional contra la revoluci\u00f3n bolivariana.<\/p>\n<p>Padilla, en declaraciones a medios colombiano, dijo que el gobierno lo estaba usando como \u00abchivo expiatorio\u00bb.<\/p>\n<p>Medios opositores venezolanos reportaron que la muerte de Serra, seg\u00fan versiones policiales, fue producto de un altercado del exdiputado con su jefe de escoltas.<\/p>\n<p>Serra, quien muri\u00f3 a los 27 a\u00f1os, fue un prominente diputado oficialista que se destac\u00f3 por sus posturas radicales, sus conexiones con la c\u00fapula del chavismo y sus discursos efusivos.<\/p>\n<p>BBC<\/p>\n","protected":false},"excerpt":{"rendered":"<p>Autoridades venezolanas anunciaron este s\u00e1bado la extradici\u00f3n desde Colombia del presunto homicida del exdiputado chavista Robert Serra, abatido en octubre pasado en un atentado en su casa en Caracas. Leiver Padilla, alias \u00abEl Colombia\u00bb, es acusado por la justicia venezolana de ser el autor material de la muerte de Serra y una mujer que lo [&hellip;]<\/p>\n","protected":false},"author":4,"featured_media":10181,"comment_status":"open","ping_status":"open","sticky":false,"template":"","format":"standard","meta":{"footnotes":""},"categories":[50,48],"tags":[],"class_list":["post-10180","post","type-post","status-publish","format-standard","has-post-thumbnail","hentry","category-colombia","category-venezuela"],"_links":{"self":[{"href":"https:\/\/2horizontes.com\/index.php?rest_route=\/wp\/v2\/posts\/10180","targetHints":{"allow":["GET"]}}],"collection":[{"href":"https:\/\/2horizontes.com\/index.php?rest_route=\/wp\/v2\/posts"}],"about":[{"href":"https:\/\/2horizontes.com\/index.php?rest_route=\/wp\/v2\/types\/post"}],"author":[{"embeddable":true,"href":"https:\/\/2horizontes.com\/index.php?rest_route=\/wp\/v2\/users\/4"}],"replies":[{"embeddable":true,"href":"https:\/\/2horizontes.com\/index.php?rest_route=%2Fwp%2Fv2%2Fcomments&post=10180"}],"version-history":[{"count":1,"href":"https:\/\/2horizontes.com\/index.php?rest_route=\/wp\/v2\/posts\/10180\/revisions"}],"predecessor-version":[{"id":10182,"href":"https:\/\/2horizontes.com\/index.php?rest_route=\/wp\/v2\/posts\/10180\/revisions\/10182"}],"wp:featuredmedia":[{"embeddable":true,"href":"https:\/\/2horizontes.com\/index.php?rest_route=\/wp\/v2\/media\/10181"}],"wp:attachment":[{"href":"https:\/\/2horizontes.com\/index.php?rest_route=%2Fwp%2Fv2%2Fmedia&parent=10180"}],"wp:term":[{"taxonomy":"category","embeddable":true,"href":"https:\/\/2horizontes.com\/index.php?rest_route=%2Fwp%2Fv2%2Fcategories&post=10180"},{"taxonomy":"post_tag","embeddable":true,"href":"https:\/\/2horizontes.com\/index.php?rest_route=%2Fwp%2Fv2%2Ftags&post=10180"}],"curies":[{"name":"wp","href":"https:\/\/api.w.org\/{rel}","templated":true}]}}