{"id":10131,"date":"2015-05-31T17:35:29","date_gmt":"2015-05-31T16:35:29","guid":{"rendered":"http:\/\/2horizontes.com\/?p=10131"},"modified":"2015-05-31T17:35:29","modified_gmt":"2015-05-31T16:35:29","slug":"celebracion-del-dia-de-las-madres-en-rd","status":"publish","type":"post","link":"https:\/\/2horizontes.com\/?p=10131","title":{"rendered":"Celebraci\u00f3n del d\u00eda de las Madres en RD."},"content":{"rendered":"<p style=\"text-align: justify\">Hoy se celebra el d\u00eda de las Madres en la Rep\u00fablica Dominicana, como es de costumbre, se celebra todos los a\u00f1os el \u00faltimo Domingo de Mayo. Y comenzamos este \u00a0hermoso d\u00eda con el\u00a0Himno a las Madres, escrito por Trina de Moya, es al canto por excelencia en las escuelas para celebrar este d\u00eda. es\u00a0un himno de extenso amor filial, cantemos a las madres su ternura y su af\u00e1n y su noble atributo de abnegaci\u00f3n sin par.<\/p>\n<p style=\"text-align: justify\">En este y magnifico D\u00eda de las Madres, les hacemos homenaje especial a esa mujer querida, escribi\u00e9ndole mensajes dici\u00e9ndole que la quiere, escr\u00edbele un poema, regala-le flores bonitas y que sean sus favoritas y un sin numero de casas especiales que vayan acorde con el gusto y el amor que \u00a0se merece una madre.<\/p>\n<p style=\"text-align: justify\">La madre es la primera persona donde acudimos los hijos cuando tenemos problemas, ella es quien sin preguntarnos sabe lo que nos pasa y siempre podemos contar con ella sin importar los\u00a0\u00a0errores que cometamos en nuestras vidas, siempre estar\u00e1 ah\u00ed para recibirnos con los brazos abiertos. \u00a0Como dice el refr\u00e1n \u201cmadre solo hay una\u201d.<\/p>\n<p style=\"text-align: justify\">Por eso, se merecen m\u00e1s que una flor, un perfume o un regalo. Por eso se merecen que cada d\u00eda les demostremos cuanto las queremos y que les digamos lo importantes que son para nosotros los hijos.<\/p>\n<p style=\"text-align: justify\">\u00abTodos los d\u00edas son, el d\u00eda de las Madres\u00bb.<\/p>\n","protected":false},"excerpt":{"rendered":"<p>Hoy se celebra el d\u00eda de las Madres en la Rep\u00fablica Dominicana, como es de costumbre, se celebra todos los a\u00f1os el \u00faltimo Domingo de Mayo. Y comenzamos este \u00a0hermoso d\u00eda con el\u00a0Himno a las Madres, escrito por Trina de Moya, es al canto por excelencia en las escuelas para celebrar este d\u00eda. es\u00a0un himno [&hellip;]<\/p>\n","protected":false},"author":6,"featured_media":10145,"comment_status":"open","ping_status":"open","sticky":false,"template":"","format":"standard","meta":{"footnotes":""},"categories":[62,1,44],"tags":[],"class_list":["post-10131","post","type-post","status-publish","format-standard","has-post-thumbnail","hentry","category-cultura","category-entretenimiento","category-republica-dominicana"],"_links":{"self":[{"href":"https:\/\/2horizontes.com\/index.php?rest_route=\/wp\/v2\/posts\/10131","targetHints":{"allow":["GET"]}}],"collection":[{"href":"https:\/\/2horizontes.com\/index.php?rest_route=\/wp\/v2\/posts"}],"about":[{"href":"https:\/\/2horizontes.com\/index.php?rest_route=\/wp\/v2\/types\/post"}],"author":[{"embeddable":true,"href":"https:\/\/2horizontes.com\/index.php?rest_route=\/wp\/v2\/users\/6"}],"replies":[{"embeddable":true,"href":"https:\/\/2horizontes.com\/index.php?rest_route=%2Fwp%2Fv2%2Fcomments&post=10131"}],"version-history":[{"count":2,"href":"https:\/\/2horizontes.com\/index.php?rest_route=\/wp\/v2\/posts\/10131\/revisions"}],"predecessor-version":[{"id":10146,"href":"https:\/\/2horizontes.com\/index.php?rest_route=\/wp\/v2\/posts\/10131\/revisions\/10146"}],"wp:featuredmedia":[{"embeddable":true,"href":"https:\/\/2horizontes.com\/index.php?rest_route=\/wp\/v2\/media\/10145"}],"wp:attachment":[{"href":"https:\/\/2horizontes.com\/index.php?rest_route=%2Fwp%2Fv2%2Fmedia&parent=10131"}],"wp:term":[{"taxonomy":"category","embeddable":true,"href":"https:\/\/2horizontes.com\/index.php?rest_route=%2Fwp%2Fv2%2Fcategories&post=10131"},{"taxonomy":"post_tag","embeddable":true,"href":"https:\/\/2horizontes.com\/index.php?rest_route=%2Fwp%2Fv2%2Ftags&post=10131"}],"curies":[{"name":"wp","href":"https:\/\/api.w.org\/{rel}","templated":true}]}}