{"id":10102,"date":"2015-05-31T15:59:51","date_gmt":"2015-05-31T14:59:51","guid":{"rendered":"http:\/\/2horizontes.com\/?p=10102"},"modified":"2015-05-31T15:59:51","modified_gmt":"2015-05-31T14:59:51","slug":"vicepresidente-joe-biden-anuncia-la-muerte-de-su-hijo-beau","status":"publish","type":"post","link":"https:\/\/2horizontes.com\/?p=10102","title":{"rendered":"Vicepresidente Joe Biden anuncia la muerte de su hijo Beau"},"content":{"rendered":"<p>WASHINGTON (AP) \u2014 El vicepresidente estadounidense Joe Biden anunci\u00f3 el s\u00e1bado que su hijo Beau falleci\u00f3 de c\u00e1ncer cerebral a los 46 a\u00f1os.<\/p>\n<p>Beau Biden era abogado miembro de la Guardia Nacional de Delaware y el fiscal general de Delaware.<\/p>\n<p>A principios de este mes fue hospitalizado en el Centro M\u00e9dico Militar Nacional Walter Reed. En ese entonces la oficina del vicepresidente se rehus\u00f3 a indicar la enfermedad por la que estaba siendo tratado.<\/p>\n<p>Beau Biden sufri\u00f3 una apoplej\u00eda leve en 2010 y fue sometido a una cirug\u00eda en un centro de atenci\u00f3n del c\u00e1ncer en Texas en 2013 para corregir lo que fue descrito como una peque\u00f1a lesi\u00f3n.<\/p>\n<p>El a\u00f1o pasado anunci\u00f3 que no buscar\u00eda un tercer periodo como fiscal general y en su lugar planeaba postularse para gobernador en 2016.<\/p>\n","protected":false},"excerpt":{"rendered":"<p>WASHINGTON (AP) \u2014 El vicepresidente estadounidense Joe Biden anunci\u00f3 el s\u00e1bado que su hijo Beau falleci\u00f3 de c\u00e1ncer cerebral a los 46 a\u00f1os. Beau Biden era abogado miembro de la Guardia Nacional de Delaware y el fiscal general de Delaware. A principios de este mes fue hospitalizado en el Centro M\u00e9dico Militar Nacional Walter Reed. [&hellip;]<\/p>\n","protected":false},"author":3,"featured_media":10103,"comment_status":"open","ping_status":"open","sticky":false,"template":"","format":"standard","meta":{"footnotes":""},"categories":[40],"tags":[],"class_list":["post-10102","post","type-post","status-publish","format-standard","has-post-thumbnail","hentry","category-internacionales"],"_links":{"self":[{"href":"https:\/\/2horizontes.com\/index.php?rest_route=\/wp\/v2\/posts\/10102","targetHints":{"allow":["GET"]}}],"collection":[{"href":"https:\/\/2horizontes.com\/index.php?rest_route=\/wp\/v2\/posts"}],"about":[{"href":"https:\/\/2horizontes.com\/index.php?rest_route=\/wp\/v2\/types\/post"}],"author":[{"embeddable":true,"href":"https:\/\/2horizontes.com\/index.php?rest_route=\/wp\/v2\/users\/3"}],"replies":[{"embeddable":true,"href":"https:\/\/2horizontes.com\/index.php?rest_route=%2Fwp%2Fv2%2Fcomments&post=10102"}],"version-history":[{"count":1,"href":"https:\/\/2horizontes.com\/index.php?rest_route=\/wp\/v2\/posts\/10102\/revisions"}],"predecessor-version":[{"id":10104,"href":"https:\/\/2horizontes.com\/index.php?rest_route=\/wp\/v2\/posts\/10102\/revisions\/10104"}],"wp:featuredmedia":[{"embeddable":true,"href":"https:\/\/2horizontes.com\/index.php?rest_route=\/wp\/v2\/media\/10103"}],"wp:attachment":[{"href":"https:\/\/2horizontes.com\/index.php?rest_route=%2Fwp%2Fv2%2Fmedia&parent=10102"}],"wp:term":[{"taxonomy":"category","embeddable":true,"href":"https:\/\/2horizontes.com\/index.php?rest_route=%2Fwp%2Fv2%2Fcategories&post=10102"},{"taxonomy":"post_tag","embeddable":true,"href":"https:\/\/2horizontes.com\/index.php?rest_route=%2Fwp%2Fv2%2Ftags&post=10102"}],"curies":[{"name":"wp","href":"https:\/\/api.w.org\/{rel}","templated":true}]}}