{"id":10070,"date":"2015-05-31T14:53:36","date_gmt":"2015-05-31T13:53:36","guid":{"rendered":"http:\/\/2horizontes.com\/?p=10070"},"modified":"2015-05-31T14:53:36","modified_gmt":"2015-05-31T13:53:36","slug":"el-dia-del-deporte-solidario-ya-piensa-en-la-segunda-edicion","status":"publish","type":"post","link":"https:\/\/2horizontes.com\/?p=10070","title":{"rendered":"El d\u00eda del deporte solidario ya piensa en la segunda edici\u00f3n"},"content":{"rendered":"<p>El centro comercial \u00c1rea Central estuvo muy animado durante la jornada de ayer al celebrarse la primera edici\u00f3n del d\u00eda del deporte solidario, que organiz\u00f3 Centro Deportivo. En esta iniciativa participaron un gran n\u00famero de clubes de Santiago, que compitieron en numerosas actividades deportivas.<\/p>\n<p>Las diferentes actividades se iniciaron a las once de la ma\u00f1ana y concluyeron sobre las ocho y media de la tarde. Tomaron parte m\u00e1s de seiscientos deportistas.<br \/>\nA lo largo del d\u00eda se vendieron rifas por un euro para recaudar fondos para la Asociaci\u00f3n de Dano Cerebral de Compostela Sarela. Tambi\u00e9n organiz\u00f3 el club Fonti\u00f1as una caminata de seis kil\u00f3metros y medio, con salida en la plaza de Europa de \u00c1rea Central.<\/p>\n<p>Fue una actividad sin l\u00edmite de edad y de dificultad bastante baja, seg\u00fan se\u00f1alaron los protagonistas.<\/p>\n<p>Deportistas de distintas disciplinas protagonizaron un d\u00eda de fiesta con sus exhibiciones en los pasillos interiores del centro y en la plaza de Europa.<\/p>\n<p>El d\u00eda del deporte solidario se complet\u00f3 con una exposici\u00f3n fotogr\u00e1fica de la jornada, un taller de manualidades y con diversos juegos populares en ingl\u00e9s.<\/p>\n","protected":false},"excerpt":{"rendered":"<p>El centro comercial \u00c1rea Central estuvo muy animado durante la jornada de ayer al celebrarse la primera edici\u00f3n del d\u00eda del deporte solidario, que organiz\u00f3 Centro Deportivo. En esta iniciativa participaron un gran n\u00famero de clubes de Santiago, que compitieron en numerosas actividades deportivas. Las diferentes actividades se iniciaron a las once de la ma\u00f1ana [&hellip;]<\/p>\n","protected":false},"author":3,"featured_media":10072,"comment_status":"open","ping_status":"open","sticky":false,"template":"","format":"standard","meta":{"footnotes":""},"categories":[42],"tags":[],"class_list":["post-10070","post","type-post","status-publish","format-standard","has-post-thumbnail","hentry","category-deportes"],"_links":{"self":[{"href":"https:\/\/2horizontes.com\/index.php?rest_route=\/wp\/v2\/posts\/10070","targetHints":{"allow":["GET"]}}],"collection":[{"href":"https:\/\/2horizontes.com\/index.php?rest_route=\/wp\/v2\/posts"}],"about":[{"href":"https:\/\/2horizontes.com\/index.php?rest_route=\/wp\/v2\/types\/post"}],"author":[{"embeddable":true,"href":"https:\/\/2horizontes.com\/index.php?rest_route=\/wp\/v2\/users\/3"}],"replies":[{"embeddable":true,"href":"https:\/\/2horizontes.com\/index.php?rest_route=%2Fwp%2Fv2%2Fcomments&post=10070"}],"version-history":[{"count":3,"href":"https:\/\/2horizontes.com\/index.php?rest_route=\/wp\/v2\/posts\/10070\/revisions"}],"predecessor-version":[{"id":10075,"href":"https:\/\/2horizontes.com\/index.php?rest_route=\/wp\/v2\/posts\/10070\/revisions\/10075"}],"wp:featuredmedia":[{"embeddable":true,"href":"https:\/\/2horizontes.com\/index.php?rest_route=\/wp\/v2\/media\/10072"}],"wp:attachment":[{"href":"https:\/\/2horizontes.com\/index.php?rest_route=%2Fwp%2Fv2%2Fmedia&parent=10070"}],"wp:term":[{"taxonomy":"category","embeddable":true,"href":"https:\/\/2horizontes.com\/index.php?rest_route=%2Fwp%2Fv2%2Fcategories&post=10070"},{"taxonomy":"post_tag","embeddable":true,"href":"https:\/\/2horizontes.com\/index.php?rest_route=%2Fwp%2Fv2%2Ftags&post=10070"}],"curies":[{"name":"wp","href":"https:\/\/api.w.org\/{rel}","templated":true}]}}