{"id":10003,"date":"2015-05-30T19:25:25","date_gmt":"2015-05-30T18:25:25","guid":{"rendered":"http:\/\/2horizontes.com\/?p=10003"},"modified":"2015-05-30T19:25:25","modified_gmt":"2015-05-30T18:25:25","slug":"alan-tacher-y-cristina-bernal-ya-son-papas","status":"publish","type":"post","link":"https:\/\/2horizontes.com\/?p=10003","title":{"rendered":"Alan Tacher y Cristina Bernal ya son pap\u00e1s"},"content":{"rendered":"<p>Esta ma\u00f1ana la familia Tacher Bernal recibi\u00f3 a la peque\u00f1a Michelle, la primera hija del conductor Alan Tacher con la actriz Cristina Bernal.<\/p>\n<p>Antes de la feliz llegada los ansiosos padres compartieron fotograf\u00edas y videos de la espera. \u201cYa casi listos!!! El momento ha llegado #babymichelle te esperamos con mucho amor y cari\u00f1o te amo @cristybernal\u201d, escribi\u00f3 el conductor de 44 a\u00f1os a trav\u00e9s de su cuenta de Instagram.<\/p>\n<p>A su vez, compartieron un video a trav\u00e9s de la cuenta de Twitter de \u2018Despierta Am\u00e9rica\u2019 donde expresaban su ansiedad por conocer a la peque\u00f1a, as\u00ed como saber a qui\u00e9n de los dos se iba a parecer.<\/p>\n<p>Uno de los primeros en confirmar el nacimiento de la peque\u00f1a fue el conductor Ra\u00fal Araiza, quien reprodujo un mensaje de voz de Alan en el que anunciaba que la peque\u00f1a Michelle ya hab\u00eda nacido.<\/p>\n<p>Despu\u00e9s entre l\u00e1grimas Alan Tacher dio todos los detalles del nacimiento de su princesa en el programa Despierta Am\u00e9rica. Alan dijo que la ni\u00f1a estaba perfectamente sana y detall\u00f3: \u201cNo s\u00e9 a quien se parece todav\u00eda, pes\u00f3 tres kilos 700 gramos. No me acuerdo cu\u00e1nto midi\u00f3 pero est\u00e1 bien larga\u201d.<\/p>\n<p>Gracias a la habilidad de Ver\u00f3nica Vastos quien tom\u00f3 el celular de Alan para robarse una foto de la beb\u00e9, pudimos conocer a la peque\u00f1a, quien fue retratada por su pap\u00e1 a unos minutos de haber nacido.<\/p>\n","protected":false},"excerpt":{"rendered":"<p>Esta ma\u00f1ana la familia Tacher Bernal recibi\u00f3 a la peque\u00f1a Michelle, la primera hija del conductor Alan Tacher con la actriz Cristina Bernal. Antes de la feliz llegada los ansiosos padres compartieron fotograf\u00edas y videos de la espera. \u201cYa casi listos!!! El momento ha llegado #babymichelle te esperamos con mucho amor y cari\u00f1o te amo [&hellip;]<\/p>\n","protected":false},"author":3,"featured_media":10004,"comment_status":"open","ping_status":"open","sticky":false,"template":"","format":"standard","meta":{"footnotes":""},"categories":[1],"tags":[],"class_list":["post-10003","post","type-post","status-publish","format-standard","has-post-thumbnail","hentry","category-entretenimiento"],"_links":{"self":[{"href":"https:\/\/2horizontes.com\/index.php?rest_route=\/wp\/v2\/posts\/10003","targetHints":{"allow":["GET"]}}],"collection":[{"href":"https:\/\/2horizontes.com\/index.php?rest_route=\/wp\/v2\/posts"}],"about":[{"href":"https:\/\/2horizontes.com\/index.php?rest_route=\/wp\/v2\/types\/post"}],"author":[{"embeddable":true,"href":"https:\/\/2horizontes.com\/index.php?rest_route=\/wp\/v2\/users\/3"}],"replies":[{"embeddable":true,"href":"https:\/\/2horizontes.com\/index.php?rest_route=%2Fwp%2Fv2%2Fcomments&post=10003"}],"version-history":[{"count":1,"href":"https:\/\/2horizontes.com\/index.php?rest_route=\/wp\/v2\/posts\/10003\/revisions"}],"predecessor-version":[{"id":10005,"href":"https:\/\/2horizontes.com\/index.php?rest_route=\/wp\/v2\/posts\/10003\/revisions\/10005"}],"wp:featuredmedia":[{"embeddable":true,"href":"https:\/\/2horizontes.com\/index.php?rest_route=\/wp\/v2\/media\/10004"}],"wp:attachment":[{"href":"https:\/\/2horizontes.com\/index.php?rest_route=%2Fwp%2Fv2%2Fmedia&parent=10003"}],"wp:term":[{"taxonomy":"category","embeddable":true,"href":"https:\/\/2horizontes.com\/index.php?rest_route=%2Fwp%2Fv2%2Fcategories&post=10003"},{"taxonomy":"post_tag","embeddable":true,"href":"https:\/\/2horizontes.com\/index.php?rest_route=%2Fwp%2Fv2%2Ftags&post=10003"}],"curies":[{"name":"wp","href":"https:\/\/api.w.org\/{rel}","templated":true}]}}